{"id":14150,"date":"2023-12-15T16:20:00","date_gmt":"2023-12-15T16:20:00","guid":{"rendered":"http:\/\/875jahrekirchgoens.de\/?p=14150"},"modified":"2023-12-27T16:23:13","modified_gmt":"2023-12-27T16:23:13","slug":"singen-unter-dem-weihnachtsbaum","status":"publish","type":"post","link":"http:\/\/875jahrekirchgoens.de\/?p=14150","title":{"rendered":"Singen unter dem Weihnachtsbaum"},"content":{"rendered":"\n<p>Jeden Montag im Advent triff sich die Schulgemeinde der G\u00f6nser Grundschule zum Adventssingen. Seit einigen Jahren findet diese Veranstaltung auf dem neu gestalteten Schulhof im Atrium statt, wo nat\u00fcrlich auch ein sch\u00f6n beleuchteter Weihnachtsbaum zu dieser Zeit aufgestellt wurde. So versammeln sich alles Klassen vor der gro\u00dfen Pause und singen gemeinsam immer verschiedene Weihnachts- und Adventslieder, die sie vorher im Musikunterricht einge\u00fcbt haben. Sehr besinnlich und sch\u00f6n wird es nat\u00fcrlich, wenn dabei, so wie am ersten Adventsmontag, Schneefall einsetzt.<\/p>\n\n\n\n<p>Quelle und Bild: Butzbacher Zeitung vom 15. Dezember 2023<\/p>\n\n\n\n<figure class=\"wp-block-image size-full\"><img loading=\"lazy\" decoding=\"async\" width=\"605\" height=\"210\" src=\"http:\/\/875jahrekirchgoens.de\/wp-content\/uploads\/2023\/12\/Wei-GGS-Bild1.png\" alt=\"\" class=\"wp-image-14151\" srcset=\"http:\/\/875jahrekirchgoens.de\/wp-content\/uploads\/2023\/12\/Wei-GGS-Bild1.png 605w, http:\/\/875jahrekirchgoens.de\/wp-content\/uploads\/2023\/12\/Wei-GGS-Bild1-300x104.png 300w\" sizes=\"auto, (max-width: 605px) 100vw, 605px\" \/><\/figure>\n","protected":false},"excerpt":{"rendered":"<p>Jeden Montag im Advent triff sich die Schulgemeinde der G\u00f6nser Grundschule zum Adventssingen. Seit einigen Jahren findet diese Veranstaltung auf dem neu gestalteten Schulhof im Atrium statt, wo nat\u00fcrlich auch ein sch\u00f6n beleuchteter Weihnachtsbaum zu dieser Zeit aufgestellt wurde. So versammeln sich alles Klassen vor der gro\u00dfen Pause und singen gemeinsam immer verschiedene Weihnachts- und &#8230; <a title=\"Singen unter dem Weihnachtsbaum\" class=\"read-more\" href=\"http:\/\/875jahrekirchgoens.de\/?p=14150\" aria-label=\"Mehr Informationen \u00fcber Singen unter dem Weihnachtsbaum\">Weiterlesen<\/a><\/p>\n","protected":false},"author":1,"featured_media":0,"comment_status":"closed","ping_status":"open","sticky":false,"template":"","format":"standard","meta":{"footnotes":""},"categories":[1],"tags":[],"class_list":["post-14150","post","type-post","status-publish","format-standard","hentry","category-infos"],"_links":{"self":[{"href":"http:\/\/875jahrekirchgoens.de\/index.php?rest_route=\/wp\/v2\/posts\/14150","targetHints":{"allow":["GET"]}}],"collection":[{"href":"http:\/\/875jahrekirchgoens.de\/index.php?rest_route=\/wp\/v2\/posts"}],"about":[{"href":"http:\/\/875jahrekirchgoens.de\/index.php?rest_route=\/wp\/v2\/types\/post"}],"author":[{"embeddable":true,"href":"http:\/\/875jahrekirchgoens.de\/index.php?rest_route=\/wp\/v2\/users\/1"}],"replies":[{"embeddable":true,"href":"http:\/\/875jahrekirchgoens.de\/index.php?rest_route=%2Fwp%2Fv2%2Fcomments&post=14150"}],"version-history":[{"count":1,"href":"http:\/\/875jahrekirchgoens.de\/index.php?rest_route=\/wp\/v2\/posts\/14150\/revisions"}],"predecessor-version":[{"id":14152,"href":"http:\/\/875jahrekirchgoens.de\/index.php?rest_route=\/wp\/v2\/posts\/14150\/revisions\/14152"}],"wp:attachment":[{"href":"http:\/\/875jahrekirchgoens.de\/index.php?rest_route=%2Fwp%2Fv2%2Fmedia&parent=14150"}],"wp:term":[{"taxonomy":"category","embeddable":true,"href":"http:\/\/875jahrekirchgoens.de\/index.php?rest_route=%2Fwp%2Fv2%2Fcategories&post=14150"},{"taxonomy":"post_tag","embeddable":true,"href":"http:\/\/875jahrekirchgoens.de\/index.php?rest_route=%2Fwp%2Fv2%2Ftags&post=14150"}],"curies":[{"name":"wp","href":"https:\/\/api.w.org\/{rel}","templated":true}]}}