{"id":14190,"date":"1998-11-23T19:19:00","date_gmt":"1998-11-23T19:19:00","guid":{"rendered":"http:\/\/875jahrekirchgoens.de\/?p=14190"},"modified":"2024-01-07T19:20:33","modified_gmt":"2024-01-07T19:20:33","slug":"neues-baugebiet-gefaehrdet","status":"publish","type":"post","link":"http:\/\/875jahrekirchgoens.de\/?p=14190","title":{"rendered":"Neues Baugebiet gef\u00e4hrdet"},"content":{"rendered":"\n<p>Der Feldweg hinter der Gartenstra\u00dfe ist nach einstimmiger Meinung des Ortsbeirates in das Bebauungsplanverfahren \u201eIn der Schmalbach\u201c aufzunehmen. Ein Herausl\u00f6sen dieser Wegparzelle aus dem Geltungsbereich des Bebauungsplans w\u00fcrde die Schaffung neuen Baugebiets f\u00fcr den Stadtteil nur unn\u00f6tig weiter verz\u00f6gern, hie\u00df es dazu in der j\u00fcngsten Sitzung. Auch w\u00e4re durch einen Verzicht auf diesen Weg die verkehrsm\u00e4\u00dfige Anbindung des geplanten Baugebiets erheblich erschwert. Der Ortsbeirat nahm mit der getroffenen Entscheidung Stellung gegen Anlieger der Gartenstra\u00dfe, die mittlerweile gegen den nach Protesten von Anliegern aus der Bahnhofstra\u00dfe bereits abge\u00e4nderten Bebauungsplan ebenfalls opponieren. Wie der Ortsbeirat dazu feststelle, habe es weder in der Sitzung am 17. Januar 1997 noch in der vom 8. Oktober 1998, an denen Mitarbeiter des Bauamts anwesend waren, Einw\u00e4nde gegen den Plan gegeben, noch h\u00e4tten Betroffene den Wunsch auf Herausnahme des Feldwegs hinter der Gartenstra\u00dfe ge\u00e4u\u00dfert. Um so \u00fcberraschter sei man nun von dem erfolgten Sinneswandel. Sollte der Feldweg tats\u00e4chlich aus dem Bebauungsplan gel\u00f6st werden, h\u00e4tte dies nachteilige Folgen f\u00fcr das geplante Baugebiet. Dann k\u00f6nnten in der \u201eSchmalbach\u201c nicht mehr alle gew\u00fcnschten Baugrundst\u00fccke geschaffen werden, und auch die Erschlie\u00dfung f\u00fcr den Kfz-Verkehr werde sich schwierig gestalten, zumal die einzige Anbindung direkt am Kindergarten vorbeif\u00fchren werde. Es gelte, endlich zus\u00e4tzlichen Wohnraum f\u00fcr den Stadtteil zu schaffen. Unter Umst\u00e4nden, so der Ortsbeirat, k\u00f6nne dieses Ziel dann nicht mehr oder nur noch mit einer ganz erheblichen Zeitverz\u00f6gerung erreicht werden.<\/p>\n\n\n\n<p>Quelle: Butzbacher Zeitung vom 23. November 1998<\/p>\n","protected":false},"excerpt":{"rendered":"<p>Der Feldweg hinter der Gartenstra\u00dfe ist nach einstimmiger Meinung des Ortsbeirates in das Bebauungsplanverfahren \u201eIn der Schmalbach\u201c aufzunehmen. Ein Herausl\u00f6sen dieser Wegparzelle aus dem Geltungsbereich des Bebauungsplans w\u00fcrde die Schaffung neuen Baugebiets f\u00fcr den Stadtteil nur unn\u00f6tig weiter verz\u00f6gern, hie\u00df es dazu in der j\u00fcngsten Sitzung. Auch w\u00e4re durch einen Verzicht auf diesen Weg die &#8230; <a title=\"Neues Baugebiet gef\u00e4hrdet\" class=\"read-more\" href=\"http:\/\/875jahrekirchgoens.de\/?p=14190\" aria-label=\"Mehr Informationen \u00fcber Neues Baugebiet gef\u00e4hrdet\">Weiterlesen<\/a><\/p>\n","protected":false},"author":1,"featured_media":0,"comment_status":"closed","ping_status":"open","sticky":false,"template":"","format":"standard","meta":{"footnotes":""},"categories":[1],"tags":[],"class_list":["post-14190","post","type-post","status-publish","format-standard","hentry","category-infos"],"_links":{"self":[{"href":"http:\/\/875jahrekirchgoens.de\/index.php?rest_route=\/wp\/v2\/posts\/14190","targetHints":{"allow":["GET"]}}],"collection":[{"href":"http:\/\/875jahrekirchgoens.de\/index.php?rest_route=\/wp\/v2\/posts"}],"about":[{"href":"http:\/\/875jahrekirchgoens.de\/index.php?rest_route=\/wp\/v2\/types\/post"}],"author":[{"embeddable":true,"href":"http:\/\/875jahrekirchgoens.de\/index.php?rest_route=\/wp\/v2\/users\/1"}],"replies":[{"embeddable":true,"href":"http:\/\/875jahrekirchgoens.de\/index.php?rest_route=%2Fwp%2Fv2%2Fcomments&post=14190"}],"version-history":[{"count":1,"href":"http:\/\/875jahrekirchgoens.de\/index.php?rest_route=\/wp\/v2\/posts\/14190\/revisions"}],"predecessor-version":[{"id":14191,"href":"http:\/\/875jahrekirchgoens.de\/index.php?rest_route=\/wp\/v2\/posts\/14190\/revisions\/14191"}],"wp:attachment":[{"href":"http:\/\/875jahrekirchgoens.de\/index.php?rest_route=%2Fwp%2Fv2%2Fmedia&parent=14190"}],"wp:term":[{"taxonomy":"category","embeddable":true,"href":"http:\/\/875jahrekirchgoens.de\/index.php?rest_route=%2Fwp%2Fv2%2Fcategories&post=14190"},{"taxonomy":"post_tag","embeddable":true,"href":"http:\/\/875jahrekirchgoens.de\/index.php?rest_route=%2Fwp%2Fv2%2Ftags&post=14190"}],"curies":[{"name":"wp","href":"https:\/\/api.w.org\/{rel}","templated":true}]}}