{"id":14199,"date":"2012-10-01T19:27:00","date_gmt":"2012-10-01T19:27:00","guid":{"rendered":"http:\/\/875jahrekirchgoens.de\/?p=14199"},"modified":"2024-01-07T19:33:02","modified_gmt":"2024-01-07T19:33:02","slug":"guter-ruf-eilt-gesangverein-1862-kirch-goens-zum-jubilaeum-voraus","status":"publish","type":"post","link":"http:\/\/875jahrekirchgoens.de\/?p=14199","title":{"rendered":"Guter Ruf eilt Gesangverein 1862 Kirch-G\u00f6ns zum Jubil\u00e4um voraus"},"content":{"rendered":"\n<p><em>Liederabend mit Gastch\u00f6ren in der Alten Turnhalle Butzbach \/ Kinderchor entstanden<\/em><\/p>\n\n\n\n<p>Eine echte Werbung f\u00fcr den Chorgesang war der Liederabend des Gesangverein 1862 Kirch-G\u00f6ns am Samstagabend in der voll besetzten Butzbacher Alten Turnhalle. Dort feierte der Gesangverein sein 150-j\u00e4hriges Bestehen. Mit dem Lied \u201eS\u00e4ngergru\u00df\u201c er\u00f6ffnete der Gemischte Chor des Jubil\u00e4umsvereins, den Dirigentin Ulla Knoop leitete. Es war ein musikalischer Vorgeschmack auf einen ganz besonderen Abend. Vorsitzende Claudia Binzer freute sich \u00fcber das volle Haus, den sch\u00f6nen Abend, an dem man sich wohlf\u00fchlen k\u00f6nne \u201ewie unter Freunden\u201c. Der Gemischte Chor des Gesangvereins Kirch-G\u00f6ns f\u00fchrte den Melodienreigen fort mit dem \u201eChor der Gefangenen\u201c aus der Oper \u201eNabucco\u201c von Guiseppe Verdi, dem fr\u00f6hlichen \u201eMein kleiner gr\u00fcner Kaktus\u201c der Comedian Harmonists (gro\u00dfe Freude kam auf, als ein kleines Kirch.-G\u00f6nser M\u00e4dchen, einen gr\u00fcnen Kaktus in den H\u00e4nden auf der B\u00fchne pr\u00e4sentierte), und \u201eDer Mond h\u00e4lt seine Wacht\u201c von Peter Alexander. Eifrig wurde Beifall gesendet, der sich steigerte, als der Gemischte Chor und der Kirch-G\u00f6nser Gospelchor \u201eLet it shine\u201c gemeinsam das stimmungsvolle religi\u00f6se afrikanische Lied \u201eNkembo NA Nkembo\u201c anstimmten. Die n\u00e4chsten drei Lider geh\u00f6rten ganz dem Gospelchor \u201eLet it shine\u201c, den Dirigentin Ulla Knoop am Klavier begleitete. Zu h\u00f6ren gab es das j\u00fcdische \u201eDonna Donna\u201c, das Lied \u201eHallejulia\u201c von Leonhard Conhen und \u201eInspired\u201c von Joseph Joachim. Dann wurden auf der B\u00fchne die Ansprachen gehalten. Claudia Binzer ging in einem R\u00fcckblick auf 150 Jahre Gesangverein ein. Bei der Gr\u00fcndung im Jahre 1862 sei es ein reiner M\u00e4nnerchor gewesen, der vor allem geistige Lieder gesungen habe. Gesangverein \u201eGermania\u201c Kirch-G\u00f6ns sei der offizielle Name gewesen beim ersten S\u00e4ngerfest, das man wenige Jahre nach der Gr\u00fcndung gefeiert habe. Eine erste Z\u00e4sur habe der Erste Weltkrieg (1914\/18) mit sich gebracht. In Kirch.-G\u00f6ns habe sich mit dem \u201eLiederkranz\u201c 1925 ein zweiter Gesangverein gegr\u00fcndet. 1933, nach der Machtergreifung der Nationalsozialisten, seien die Vereine zusammengefasst worden unter dem Namen \u201eGermania\/Liederkranz\u201c. Wieder habe es eine Z\u00e4sur gegeben, viele S\u00e4nger seien im Zweiten Weltkrieg 1939\/45 gefallen. Erst 1947 sei die Wiederbegr\u00fcndung von den Amerikanern erlaubt worden. Ein Mann der ersten Stunde war Otto Eckhard, der den Verein als \u201eM\u00e4nnergesangverein\u201c Kirch-G\u00f6ns geleitet habe. Sp\u00e4ter habe man das Gr\u00fcndungsjahr in den Vereinsnamen aufgenommen. Binzer nannte den Pohl-G\u00f6nser Bernhard Nerv als verdienstvollen Dirigenten. Die S\u00e4ngerzahl habe damals stolze 80 Stimmen betragen. Eifrig seien Chorkonzerte und Wettstreite gef\u00fchrt worden. Auf Nerv sei der Niederkleener Ewald R\u00f6hrig gefolgt, der sein Amt 40 Jahre ausge\u00fcbt habe. 1962 habe der Gesangverein unter dem Vorsitzenden Willi S\u00f6hngen, Binzers Gro\u00dfvater, sein 100-j\u00e4hriges Bestehen gefeiert. 24 Jahre habe S\u00f6hngen den Verein geleitet. 1978 habe er den Frauenchor gegr\u00fcndet und den M\u00e4nnergesangverein eine Schallplatte aufnehmen lassen. Damals habe sich eine enge Freundschaft zu dem Schweizer Ensemble \u201eJodel-Doppelquartet Escher Wyss\u201c entwickelt. Peter B. Braasch, der zeitweilig auch zum Vorstand des \u201eH\u00fcttenberg-Schiffenberger S\u00e4ngerbunde\u201c&#8220; gez\u00e4hlt habe, sei dann der Nachfolger von S\u00f6hngen geworden. Auch er habe sich 24 Jahre als Vorsitzender engagiert. 1992 sei der Gemischte Chor gegr\u00fcndet worden. Neu hinzugekommen auf Initiative des ehemaligen Dirigenten Patrick Stinka (Niederkleen) sei ein Gospelchor, den ebenfalls Dirigentin Knoop leite und der vor allem in der Kirch-G\u00f6nser Kirche herausragende Konzerte gegeben habe und gebe und n\u00e4chsten Dienstagabend mit Kathy Kelley von der \u201eKelly-Familiy\u201c und weiteren Gospelch\u00f6ren in Gie\u00dfen zu h\u00f6ren sei. Neu gegr\u00fcndet habe sich jetzt in Kirch-G\u00f6ns ein Kinderchor unter der Leitung von Theresa Heinz. Er habe gerne die Schirmherrschaft \u00fcbernommen, und er freue sich auf den Abend, denn er habe schon lange eine \u201egewisse Beziehung\u201c zu dem Verein, bekannte Landtagspr\u00e4sident Norbert Kartmann. Er hoffe, dass den ersten 150 Jahren recht viele folgen m\u00f6gen. In Kirch-G\u00f6ns sei mit dem Gospelchor eine andere Art von Attraktivit\u00e4t aufgekommen. Dies spreche junge Menschen an, die am so dringend brauche. Der Jubil\u00e4umsverein habe einen guten Ruf. Auch B\u00fcrgermeister Merle freute sich f\u00fcr den Jubil\u00e4umsverein, der stolz sein k\u00f6nne auf seine 150 Jahre. Gemeinsames Singen sei immer ein wundervolles Erlebnis. Denn Gesang entkrampfe und lockere die Selle. N\u00e4chster Gratulant war G\u00fcnther Herzberger vom Hessischen S\u00e4ngerbund. Er \u00fcberreichte eine gro\u00dfe Ehrenurkunde und bescheinigte dem Jubilar-Verein, genauso alt zu sein wie der Deutsche S\u00e4ngerbund. Dann waren die S\u00e4nger der Chorgemeinschaft 1867 Hoch-Weisel zu h\u00f6ren mit drei Liedern ebenso wie der MGV \u201eLiederkanz\u201c 1892 Niederkleen. Zu h\u00f6ren war danach die Chorgemeinschaft 1838 Butzbach \u201eHarmonie\u201c Fauerbach v. d. H. mit drei Liedern. Es folgten die Gratulanten Klaus Kummer vom H\u00fcttenberg-Schiffenberg S\u00e4ngerbund und f\u00fcr den Vereinsring der Stadt Butzbach Vorsitzender Robert Werner. Pfarrer William Thum \u00fcberbrachte die Gl\u00fcckw\u00fcnsche des Kirchenvorstandes. Nach den Gratulationen wurde das Programm fortgesetzt mit Liedern des Gospelchores \u201eShout of Joy\u201c Niederkleen, dem Gesangverein \u201eLiederkranz\u201c 1979 Pohl-G\u00f6ns, den beiden Gospelch\u00f6ren \u201eShout for Joy\u201c und \u201eLet it Shine\u201c und den beiden neuen Partnern Chorgemeinschaft Hoch-Weisel und Gemischter Chor des Gesangverein Kirch-G\u00f6ns. Alle Chorleiter wurden noch einmal auf die B\u00fchne gebeten. Das Freundschaftssingen endete danach mit einem Auftritt des Musikzugs der Freiwilligen Feuerwehr Kirch-G\u00f6ns unter der Leitung von Andreas Tr\u00f6ster.<\/p>\n\n\n\n<p>Quelle und Bilder: Butzbacher Zeitung vom 1. Oktober 2012<\/p>\n\n\n\n<p>Galerie:<\/p>\n\n\n\n<p>Vollbesetzt war die Alte Turnhalle in Butzbach, als der Gesangverein 1862 Kirch-G\u00f6ns ein Freundschaftssingen aus Anlass seines 150j\u00e4hrigen Bestehens veranstalte. Zu den Mitwirkenden z\u00e4hlte nat\u00fcrlich auch der Jubelverein selbst. Namens der Stadt Butzbach gratulierte B\u00fcrgermeister Michael Merle der Vereinsvorsitzenden Claudia Binzer. Auch der Gospelchor \u201eLet it Shine\u201c Kirch-G\u00f6ns wirkte bei der Programmgestaltung mit.<\/p>\n\n\n\n<figure class=\"wp-block-gallery has-nested-images columns-default wp-block-gallery-1 is-layout-flex wp-block-gallery-is-layout-flex\">\n<figure class=\"wp-block-image size-medium\"><img loading=\"lazy\" decoding=\"async\" width=\"300\" height=\"216\" data-id=\"14200\" src=\"http:\/\/875jahrekirchgoens.de\/wp-content\/uploads\/2024\/01\/Ruf-Bild1-300x216.jpg\" alt=\"\" class=\"wp-image-14200\" srcset=\"http:\/\/875jahrekirchgoens.de\/wp-content\/uploads\/2024\/01\/Ruf-Bild1-300x216.jpg 300w, http:\/\/875jahrekirchgoens.de\/wp-content\/uploads\/2024\/01\/Ruf-Bild1.jpg 526w\" sizes=\"auto, (max-width: 300px) 100vw, 300px\" \/><\/figure>\n\n\n\n<figure class=\"wp-block-image size-medium\"><img loading=\"lazy\" decoding=\"async\" width=\"300\" height=\"220\" data-id=\"14201\" src=\"http:\/\/875jahrekirchgoens.de\/wp-content\/uploads\/2024\/01\/Ruf-Bild2-300x220.jpg\" alt=\"\" class=\"wp-image-14201\" srcset=\"http:\/\/875jahrekirchgoens.de\/wp-content\/uploads\/2024\/01\/Ruf-Bild2-300x220.jpg 300w, http:\/\/875jahrekirchgoens.de\/wp-content\/uploads\/2024\/01\/Ruf-Bild2.jpg 506w\" sizes=\"auto, (max-width: 300px) 100vw, 300px\" \/><\/figure>\n\n\n\n<figure data-wp-context=\"{&quot;imageId&quot;:&quot;69f3cae075b52&quot;}\" data-wp-interactive=\"core\/image\" class=\"wp-block-image size-medium wp-lightbox-container\"><img loading=\"lazy\" decoding=\"async\" width=\"300\" height=\"202\" data-wp-class--hide=\"state.isContentHidden\" data-wp-class--show=\"state.isContentVisible\" data-wp-init=\"callbacks.setButtonStyles\" data-wp-on-async--click=\"actions.showLightbox\" data-wp-on-async--load=\"callbacks.setButtonStyles\" data-wp-on-async-window--resize=\"callbacks.setButtonStyles\" data-id=\"14202\" src=\"http:\/\/875jahrekirchgoens.de\/wp-content\/uploads\/2024\/01\/Ruf-Bild3-300x202.jpg\" alt=\"\" class=\"wp-image-14202\" srcset=\"http:\/\/875jahrekirchgoens.de\/wp-content\/uploads\/2024\/01\/Ruf-Bild3-300x202.jpg 300w, http:\/\/875jahrekirchgoens.de\/wp-content\/uploads\/2024\/01\/Ruf-Bild3.jpg 528w\" sizes=\"auto, (max-width: 300px) 100vw, 300px\" \/><button\n\t\t\tclass=\"lightbox-trigger\"\n\t\t\ttype=\"button\"\n\t\t\taria-haspopup=\"dialog\"\n\t\t\taria-label=\"Vergr\u00f6\u00dfern\"\n\t\t\tdata-wp-init=\"callbacks.initTriggerButton\"\n\t\t\tdata-wp-on-async--click=\"actions.showLightbox\"\n\t\t\tdata-wp-style--right=\"state.imageButtonRight\"\n\t\t\tdata-wp-style--top=\"state.imageButtonTop\"\n\t\t>\n\t\t\t<svg xmlns=\"http:\/\/www.w3.org\/2000\/svg\" width=\"12\" height=\"12\" fill=\"none\" viewBox=\"0 0 12 12\">\n\t\t\t\t<path fill=\"#fff\" d=\"M2 0a2 2 0 0 0-2 2v2h1.5V2a.5.5 0 0 1 .5-.5h2V0H2Zm2 10.5H2a.5.5 0 0 1-.5-.5V8H0v2a2 2 0 0 0 2 2h2v-1.5ZM8 12v-1.5h2a.5.5 0 0 0 .5-.5V8H12v2a2 2 0 0 1-2 2H8Zm2-12a2 2 0 0 1 2 2v2h-1.5V2a.5.5 0 0 0-.5-.5H8V0h2Z\" \/>\n\t\t\t<\/svg>\n\t\t<\/button><\/figure>\n\n\n<div class=\"wp-block-image\">\n<figure class=\"aligncenter size-medium\"><img loading=\"lazy\" decoding=\"async\" width=\"300\" height=\"203\" data-id=\"14203\" src=\"http:\/\/875jahrekirchgoens.de\/wp-content\/uploads\/2024\/01\/Ruf-Bild4-300x203.jpg\" alt=\"\" class=\"wp-image-14203\" srcset=\"http:\/\/875jahrekirchgoens.de\/wp-content\/uploads\/2024\/01\/Ruf-Bild4-300x203.jpg 300w, http:\/\/875jahrekirchgoens.de\/wp-content\/uploads\/2024\/01\/Ruf-Bild4.jpg 525w\" sizes=\"auto, (max-width: 300px) 100vw, 300px\" \/><\/figure><\/div><\/figure>\n","protected":false},"excerpt":{"rendered":"<p>Liederabend mit Gastch\u00f6ren in der Alten Turnhalle Butzbach \/ Kinderchor entstanden Eine echte Werbung f\u00fcr den Chorgesang war der Liederabend des Gesangverein 1862 Kirch-G\u00f6ns am Samstagabend in der voll besetzten Butzbacher Alten Turnhalle. Dort feierte der Gesangverein sein 150-j\u00e4hriges Bestehen. Mit dem Lied \u201eS\u00e4ngergru\u00df\u201c er\u00f6ffnete der Gemischte Chor des Jubil\u00e4umsvereins, den Dirigentin Ulla Knoop leitete. &#8230; <a title=\"Guter Ruf eilt Gesangverein 1862 Kirch-G\u00f6ns zum Jubil\u00e4um voraus\" class=\"read-more\" href=\"http:\/\/875jahrekirchgoens.de\/?p=14199\" aria-label=\"Mehr Informationen \u00fcber Guter Ruf eilt Gesangverein 1862 Kirch-G\u00f6ns zum Jubil\u00e4um voraus\">Weiterlesen<\/a><\/p>\n","protected":false},"author":1,"featured_media":0,"comment_status":"closed","ping_status":"open","sticky":false,"template":"","format":"standard","meta":{"footnotes":""},"categories":[1],"tags":[],"class_list":["post-14199","post","type-post","status-publish","format-standard","hentry","category-infos"],"_links":{"self":[{"href":"http:\/\/875jahrekirchgoens.de\/index.php?rest_route=\/wp\/v2\/posts\/14199","targetHints":{"allow":["GET"]}}],"collection":[{"href":"http:\/\/875jahrekirchgoens.de\/index.php?rest_route=\/wp\/v2\/posts"}],"about":[{"href":"http:\/\/875jahrekirchgoens.de\/index.php?rest_route=\/wp\/v2\/types\/post"}],"author":[{"embeddable":true,"href":"http:\/\/875jahrekirchgoens.de\/index.php?rest_route=\/wp\/v2\/users\/1"}],"replies":[{"embeddable":true,"href":"http:\/\/875jahrekirchgoens.de\/index.php?rest_route=%2Fwp%2Fv2%2Fcomments&post=14199"}],"version-history":[{"count":1,"href":"http:\/\/875jahrekirchgoens.de\/index.php?rest_route=\/wp\/v2\/posts\/14199\/revisions"}],"predecessor-version":[{"id":14204,"href":"http:\/\/875jahrekirchgoens.de\/index.php?rest_route=\/wp\/v2\/posts\/14199\/revisions\/14204"}],"wp:attachment":[{"href":"http:\/\/875jahrekirchgoens.de\/index.php?rest_route=%2Fwp%2Fv2%2Fmedia&parent=14199"}],"wp:term":[{"taxonomy":"category","embeddable":true,"href":"http:\/\/875jahrekirchgoens.de\/index.php?rest_route=%2Fwp%2Fv2%2Fcategories&post=14199"},{"taxonomy":"post_tag","embeddable":true,"href":"http:\/\/875jahrekirchgoens.de\/index.php?rest_route=%2Fwp%2Fv2%2Ftags&post=14199"}],"curies":[{"name":"wp","href":"https:\/\/api.w.org\/{rel}","templated":true}]}}