{"id":14206,"date":"2019-01-21T19:34:00","date_gmt":"2019-01-21T19:34:00","guid":{"rendered":"http:\/\/875jahrekirchgoens.de\/?p=14206"},"modified":"2024-01-07T19:35:23","modified_gmt":"2024-01-07T19:35:23","slug":"jung-und-alt-fuer-blasmusik-begeistern-2","status":"publish","type":"post","link":"http:\/\/875jahrekirchgoens.de\/?p=14206","title":{"rendered":"Jung und Alt f\u00fcr Blasmusik begeistern"},"content":{"rendered":"\n<p><strong>Feuerwehrmusik Butzbach\/Kirch-G\u00f6ns plant Herbstkonzert am 12. Oktober<\/strong><\/p>\n\n\n\n<p>Nachdem man mit der traditionellen Winterwanderung ins Forsthaus Butzbach am Samstag, den 12. Januar, harmonisch ins Jahr 2019 gestartet war, wurde am Freitag, 18. Januar, die Jahreshauptversammlung der Feuerwehrmusik Butzbach\/Kirch-G\u00f6ns im Kirch-G\u00f6nser B\u00fcrgerhaus abgehalten. Diese beinhaltete die JHV des Musikzugs Kirch-G\u00f6ns und die JHV der Feuerwehrkapelle Butzbach, die seit 2015 gemeinsam als musikalische Spielgemeinschaft mit dem Namen Feuerwehrmusik Butzbach\/Kirch-G\u00f6ns in der \u00d6ffentlichkeit auftreten. Die Jahreshauptversammlung des Musikzugs Kirch-G\u00f6ns wurde um 19.00 Uhr vom Vereinsvorsitzenden Thomas Bier er\u00f6ffnet, der in seiner Rede auf das Jahr 2018 zur\u00fcckblickte. So wurden \u00fcber 40 Proben absolviert und insgesamt 19 Auftritte bestritten. Als H\u00f6hepunkte des vergangenen Jahres nannte er u.a. die Auftritte bei den Butzbacher M\u00e4rkten oder das deutsch-franz\u00f6sische Gemeinschaftskonzert im Oktober des vergangenen Jahres und lobte insgesamt die musikalische Entwicklung der gemeinsamen Spielgemeinschaft. Bedanken konnte er sich daf\u00fcr bei den Musikern der Feuerwehrmusik und bei der Feuerwehr Kirch-G\u00f6ns f\u00fcr die seit Jahren bestehende finanzielle Unterst\u00fctzung. Nach dem Bericht der Kassenwartin Catharina Heidecke lobte Dirigentin Petra Winter ebenso die zahlreichen Auftritte und die musikalische Weiterentwicklung, w\u00e4hrend Helmut R\u00fchl als Dirigent des Fanfarenzugs Kirch-G\u00f6ns die hervorragende Kameradschaft in ihrem eigenen Kirch-G\u00f6nser Orchester hervorhob. Nachdem der Vorstand einstimmig entlastet war, wurde Nils Henkel f\u00fcr das Amt des Schriftf\u00fchrers neugew\u00e4hlt, da Franziska M\u00fcller nach \u00fcber zehn Jahren erfolgreicher Arbeit aus diesem Amt ausschied und f\u00fcr zwei Jahre neue Kassenpr\u00fcferin wurde. Um 20.00 Uhr begann die JHV der Feuerwehrkapelle Butzbach, die vom Vereinsvorsitzenden Dr. Niels Jan\u00dfen geleitet wurde. Auch er freute sich \u00fcber die musikalische Aufw\u00e4rtsentwicklung und bedankte sich sowohl bei den 20 aktiven Musikern der Spielgemeinschaft und seinem Vorstand als auch f\u00fcr die finanzielle Unterst\u00fctzung durch den Feuerwehrverein Butzbach, der am Freitag, 25. Januar, seine JHV im Caf\u00e9 Schorre abh\u00e4lt. Neugew\u00e4hlt wurde nach erfolgreicher Entlastung der gesamte Vorstand der Feuerwehrkapelle Butzbach, wo Dr. Niels Jan\u00dfen als Vereinsvorsitzender, Gerhard Langer als Kassenwart und Michael Thate als Noten- und Instrumentenwart in ihren \u00c4mtern best\u00e4tigt wurden, w\u00e4hrend Nils Henkel ebenso als Schriftf\u00fchrer Dr. Klaus Wagner abl\u00f6ste, dem f\u00fcr seine jahrelange Arbeit gedankt wurde. Gegen Ende der JHV wurde auch ein Ausblick f\u00fcr das Jahr 2019 gegeben: Nach acht Jahren plant die Feuerwehrmusik Butzbach\/Kirch-G\u00f6ns mit Dirigentin Petra Winter endlich wieder ein eigenes Herbstkonzert in der Alten Turnhalle Butzbach am Samstag, 12. Oktober, f\u00fcr das ab der n\u00e4chsten regul\u00e4ren Probe, die am Freitag, 1. Februar, um 19.30 Uhr in der Alten Turnhalle Butzbach ist, die Vorbereitung mit neuen Musikst\u00fccken beginnt. F\u00fcr diesen Samstagabend soll zudem in den n\u00e4chsten Wochen noch ein musikalischer Verein als Gast gefunden werden, der aus Kirch-\/Pohl-G\u00f6ns\/Butzbach stammen soll. Au\u00dferdem plant die Feuerwehrmusik wieder vermehrt Auftritte in Kirch-G\u00f6ns und im Butzbacher Forsthaus und wird den Musikzug Hungen-Steinheim, der ebenfalls von Petra Winter dirigiert wird, am 7. April bei deren Konzert unterst\u00fctzen. Daf\u00fcr soll auch die kameradschaftliche Atmosph\u00e4re in den Proben noch weiter ausgebaut werden. Zudem startet das Orchester in den n\u00e4chsten zwei bis drei Wochen seine erste eigene Facebook-Seite. Au\u00dferdem soll in den n\u00e4chsten Wochen auch \u00fcber das Thema Feuerwehruniform und neue Vereinskleidung diskutiert werden, um endg\u00fcltig mit alten Klischees und Vorbehalten zu brechen. Aus diesem Grund soll f\u00fcr die Feuerwehrmusik Butzbach\/ Kirch-G\u00f6ns das Motto dieses Jahres sein, Jung und Alt f\u00fcr Blasmusik zu begeistern.<\/p>\n\n\n\n<p>Quelle: Butzbacher Zeitung vom 21. Januar 2019<\/p>\n","protected":false},"excerpt":{"rendered":"<p>Feuerwehrmusik Butzbach\/Kirch-G\u00f6ns plant Herbstkonzert am 12. Oktober Nachdem man mit der traditionellen Winterwanderung ins Forsthaus Butzbach am Samstag, den 12. Januar, harmonisch ins Jahr 2019 gestartet war, wurde am Freitag, 18. Januar, die Jahreshauptversammlung der Feuerwehrmusik Butzbach\/Kirch-G\u00f6ns im Kirch-G\u00f6nser B\u00fcrgerhaus abgehalten. Diese beinhaltete die JHV des Musikzugs Kirch-G\u00f6ns und die JHV der Feuerwehrkapelle Butzbach, die &#8230; <a title=\"Jung und Alt f\u00fcr Blasmusik begeistern\" class=\"read-more\" href=\"http:\/\/875jahrekirchgoens.de\/?p=14206\" aria-label=\"Mehr Informationen \u00fcber Jung und Alt f\u00fcr Blasmusik begeistern\">Weiterlesen<\/a><\/p>\n","protected":false},"author":1,"featured_media":0,"comment_status":"closed","ping_status":"open","sticky":false,"template":"","format":"standard","meta":{"footnotes":""},"categories":[1],"tags":[],"class_list":["post-14206","post","type-post","status-publish","format-standard","hentry","category-infos"],"_links":{"self":[{"href":"http:\/\/875jahrekirchgoens.de\/index.php?rest_route=\/wp\/v2\/posts\/14206","targetHints":{"allow":["GET"]}}],"collection":[{"href":"http:\/\/875jahrekirchgoens.de\/index.php?rest_route=\/wp\/v2\/posts"}],"about":[{"href":"http:\/\/875jahrekirchgoens.de\/index.php?rest_route=\/wp\/v2\/types\/post"}],"author":[{"embeddable":true,"href":"http:\/\/875jahrekirchgoens.de\/index.php?rest_route=\/wp\/v2\/users\/1"}],"replies":[{"embeddable":true,"href":"http:\/\/875jahrekirchgoens.de\/index.php?rest_route=%2Fwp%2Fv2%2Fcomments&post=14206"}],"version-history":[{"count":1,"href":"http:\/\/875jahrekirchgoens.de\/index.php?rest_route=\/wp\/v2\/posts\/14206\/revisions"}],"predecessor-version":[{"id":14207,"href":"http:\/\/875jahrekirchgoens.de\/index.php?rest_route=\/wp\/v2\/posts\/14206\/revisions\/14207"}],"wp:attachment":[{"href":"http:\/\/875jahrekirchgoens.de\/index.php?rest_route=%2Fwp%2Fv2%2Fmedia&parent=14206"}],"wp:term":[{"taxonomy":"category","embeddable":true,"href":"http:\/\/875jahrekirchgoens.de\/index.php?rest_route=%2Fwp%2Fv2%2Fcategories&post=14206"},{"taxonomy":"post_tag","embeddable":true,"href":"http:\/\/875jahrekirchgoens.de\/index.php?rest_route=%2Fwp%2Fv2%2Ftags&post=14206"}],"curies":[{"name":"wp","href":"https:\/\/api.w.org\/{rel}","templated":true}]}}