{"id":14250,"date":"2024-01-11T12:49:08","date_gmt":"2024-01-11T12:49:08","guid":{"rendered":"http:\/\/875jahrekirchgoens.de\/?p=14250"},"modified":"2024-01-11T12:49:10","modified_gmt":"2024-01-11T12:49:10","slug":"mibdance-uebt-fleissig","status":"publish","type":"post","link":"http:\/\/875jahrekirchgoens.de\/?p=14250","title":{"rendered":"Mibdance \u00fcbt flei\u00dfig"},"content":{"rendered":"\n<p>(Mz.) Die Tanzgruppe Mibdance des TV Kirch-G\u00f6ns bereitet sich auf die n\u00e4rrische Kampagne vor. Seit 26 Jahren steht die Truppe auf der B\u00fchne und pr\u00e4sentiert jede Faschingssaison ein neues Programm. Zwischenzeitlich hat man sich mit j\u00fcngeren Aktiven erg\u00e4nzt und seit mehreren Wochen \u00fcben die Akteure f\u00fcr Ihren Auftritt. \u00dcbungsleiterin Tina und Lara Ceh sind mit der bisherigen Entwicklung zufrieden und man freut sich auf die kurze Saison. Zu sehen ist die Gruppe am Kappenabend des Sch\u00fctzenvereins und Turnverein am 20. Januar 2024 sowie am Faschingsfreitag und Samstag sind weitere Auftritte beim Pohl-G\u00f6nser Faschingsverein vorgesehen.<\/p>\n\n\n\n<figure class=\"wp-block-image size-full is-resized\"><img loading=\"lazy\" decoding=\"async\" width=\"454\" height=\"305\" src=\"http:\/\/875jahrekirchgoens.de\/wp-content\/uploads\/2024\/01\/MIB-Bild2.jpg\" alt=\"\" class=\"wp-image-14251\" style=\"width:610px;height:auto\" srcset=\"http:\/\/875jahrekirchgoens.de\/wp-content\/uploads\/2024\/01\/MIB-Bild2.jpg 454w, http:\/\/875jahrekirchgoens.de\/wp-content\/uploads\/2024\/01\/MIB-Bild2-300x202.jpg 300w\" sizes=\"auto, (max-width: 454px) 100vw, 454px\" \/><\/figure>\n","protected":false},"excerpt":{"rendered":"<p>(Mz.) Die Tanzgruppe Mibdance des TV Kirch-G\u00f6ns bereitet sich auf die n\u00e4rrische Kampagne vor. Seit 26 Jahren steht die Truppe auf der B\u00fchne und pr\u00e4sentiert jede Faschingssaison ein neues Programm. Zwischenzeitlich hat man sich mit j\u00fcngeren Aktiven erg\u00e4nzt und seit mehreren Wochen \u00fcben die Akteure f\u00fcr Ihren Auftritt. \u00dcbungsleiterin Tina und Lara Ceh sind mit &#8230; <a title=\"Mibdance \u00fcbt flei\u00dfig\" class=\"read-more\" href=\"http:\/\/875jahrekirchgoens.de\/?p=14250\" aria-label=\"Mehr Informationen \u00fcber Mibdance \u00fcbt flei\u00dfig\">Weiterlesen<\/a><\/p>\n","protected":false},"author":1,"featured_media":0,"comment_status":"closed","ping_status":"open","sticky":false,"template":"","format":"standard","meta":{"footnotes":""},"categories":[1],"tags":[],"class_list":["post-14250","post","type-post","status-publish","format-standard","hentry","category-infos"],"_links":{"self":[{"href":"http:\/\/875jahrekirchgoens.de\/index.php?rest_route=\/wp\/v2\/posts\/14250","targetHints":{"allow":["GET"]}}],"collection":[{"href":"http:\/\/875jahrekirchgoens.de\/index.php?rest_route=\/wp\/v2\/posts"}],"about":[{"href":"http:\/\/875jahrekirchgoens.de\/index.php?rest_route=\/wp\/v2\/types\/post"}],"author":[{"embeddable":true,"href":"http:\/\/875jahrekirchgoens.de\/index.php?rest_route=\/wp\/v2\/users\/1"}],"replies":[{"embeddable":true,"href":"http:\/\/875jahrekirchgoens.de\/index.php?rest_route=%2Fwp%2Fv2%2Fcomments&post=14250"}],"version-history":[{"count":1,"href":"http:\/\/875jahrekirchgoens.de\/index.php?rest_route=\/wp\/v2\/posts\/14250\/revisions"}],"predecessor-version":[{"id":14252,"href":"http:\/\/875jahrekirchgoens.de\/index.php?rest_route=\/wp\/v2\/posts\/14250\/revisions\/14252"}],"wp:attachment":[{"href":"http:\/\/875jahrekirchgoens.de\/index.php?rest_route=%2Fwp%2Fv2%2Fmedia&parent=14250"}],"wp:term":[{"taxonomy":"category","embeddable":true,"href":"http:\/\/875jahrekirchgoens.de\/index.php?rest_route=%2Fwp%2Fv2%2Fcategories&post=14250"},{"taxonomy":"post_tag","embeddable":true,"href":"http:\/\/875jahrekirchgoens.de\/index.php?rest_route=%2Fwp%2Fv2%2Ftags&post=14250"}],"curies":[{"name":"wp","href":"https:\/\/api.w.org\/{rel}","templated":true}]}}