{"id":14254,"date":"2006-05-09T12:10:00","date_gmt":"2006-05-09T12:10:00","guid":{"rendered":"http:\/\/875jahrekirchgoens.de\/?p=14254"},"modified":"2024-01-15T12:14:09","modified_gmt":"2024-01-15T12:14:09","slug":"kristina-euler-wurde-zur-neuen-finanzchefin-im-tv-kirch-goens-gewaehlt","status":"publish","type":"post","link":"http:\/\/875jahrekirchgoens.de\/?p=14254","title":{"rendered":"Kristina Euler wurde zur neuen Finanzchefin im TV Kirch G\u00f6ns gew\u00e4hlt"},"content":{"rendered":"\n<p><em>R\u00fcckblick auf ein arbeitsintensives Jahr \/ Rege Arbeit in den Abteilungen<\/em><\/p>\n\n\n\n<p>Einige Ver\u00e4nderungen im Bereich des TV-Vorstandes erbrachte die j\u00fcngste Mitgliederversammlung des TV Kirch G\u00f6ns. Der seitherige Kassenwart Gerhard Reinhard kandidierte nicht mehr f\u00fcr dieses Amt und schied nach 38 Jahren intensiver Vorstandsarbeit aus. Mit Kristina Euler wurde dieses anspruchsvolle Amt im TV Kirch G\u00f6ns neu besetzt. Weitere Neuerungen im Bereich Personal gab es mit Diana Diehl, welche das Amt der 2. Jugendwartin im TV in n\u00e4chster Zeit begleiten wird. F\u00fcr die beiden ausgeschiedenen Vorstandsmitglieder Horst Hunger und Werner G\u00e4rtner wurden Thorsten R\u00f6hrig und Susanne Kassabaum aus der Versammlung gew\u00e4hlt. H\u00f6hepunkt der \u00fcber 2 Stunden dauernden Veranstaltung die einzelnen Berichte und die Ehrungen von langj\u00e4hrigen Mitgliedern.<\/p>\n\n\n\n<p>Thorsten Metz erw\u00e4hnte 5 Vorstandssitzungen und eine allj\u00e4hrlich gemeinsame Sitzung mit dem Nachbarverein TV Pohl G\u00f6ns. An den Mitgliederversammlungen des TV Pohl G\u00f6ns und der HSG Kirch -\/ Pohl G\u00f6ns \/ Butzbach wurde teilgenommen. Gemeinsam mit Helmut Hankel (Stadt Butzbach) wurde in einem Gespr\u00e4ch \u00fcber die Verwaltung und Instandhaltung vom Sportlerheim diskutiert. Mit einer Abordnung wurde der akademische Abend zum 100j\u00e4hrigen Jubil\u00e4um vom TV Pohl G\u00f6ns besucht. An einer Flurreinigung der Kirch G\u00f6nser Gemarkung beteiligte sich der TV auch. Den \u00dcbungsleitern im TV wurde w\u00e4hrend eines Seminars zum Thema Aufsichtspflicht und Haftungsfragen einiges n\u00e4hergebracht. Wie in jedem Jahr wurde in und um das Sportlerheim Pflegearbeiten durchgef\u00fchrt. Mit einem 16 er Tandem wurde im Festumzug anl\u00e4sslich zu 100j\u00e4hrigen Bestehen vom TV Pohl G\u00f6ns mitgefahren. Auf Einladung des 1. Vorsitzenden Wilfried Cott von Radio Welle West Wetterau nahmen der Vorsitzende vom TV Kirch G\u00f6ns Thorsten Metz und der 2. Vorsitzende vom TV Pohl G\u00f6ns Werner J\u00e4ger teil. W\u00e4hrend dieser Sendung wurde unter dem Motto \u201eSport im Dorf \u2013 da ist was los\u201c die beiden TV \u00b4s pr\u00e4sentiert. Gut besucht war auch die Nikolausfeier f\u00fcr die Kinderturnabteilung des TV Pohl \u2013 und Kirch G\u00f6ns. Bei runden Geburtstagen und Jubil\u00e4en habe der Vorstand die Gl\u00fcckw\u00fcnsche den Mitgliedern \u00fcbermittelt. Einen Dank gab es auch f\u00fcr den Webmaster Jens Uwe Rau der viel Zeit und Arbeit in die Gestaltung der gemeinsamen Homepage vom TV Kirch G\u00f6ns und TV Pohl G\u00f6ns (<a href=\"http:\/\/www.tv-kirch-goens.de\/\">www.tv-kirch-goens.de<\/a> oder <a href=\"http:\/\/www.tv-pohlgoens.de\/\">www.tv-pohlgoens.de<\/a>) gesteckt habe.<\/p>\n\n\n\n<p>Einen umfassenden Bericht erstattete Dieter Z\u00f6rb der Versammlung f\u00fcr die Handballabteilung der HSG Kirch-\/Pohl-G\u00f6ns\/Butzbach. Dieter Z\u00f6rb erw\u00e4hnte u. a. das 8 Jugendmannschaften an Turnieren als Vorbereitung f\u00fcr die bevorstehende Runde gemeldet wurden. W\u00e4hrend den Trainingslagern der 1. Frauen- und 1. M\u00e4nnermannschaft wurden dabei besondert Wert auf die Kosten \u2013 Nutzen \u2013 Relation gelegt. Der HSG-Vorstand traf sich zu 14 Sitzungen. Dieter Z\u00f6rb er\u00f6rterte auch die Strafen bez\u00fcglich des Harzverbots. Der Vorstand hab sich geeinigt in Zukunft solche Strafen nicht mehr zu bezahlen, hierbei soll die jeweilige Mannschaftskasse einbezogen werden. Auch wurde auf den Spielbetrieb in der zu Ende gehenden Hallenrunde 2005 \/ 2006 eingegangen. Eine erw\u00e4hnenswerte Angelegenheit sei der Bereich der m\u00e4nnlichen A \u2013 und B \u2013 Jugend sowie deren im weiblichen Bereich, die nicht den erforderlichen Nachwuchs haben. Wie Dieter Z\u00f6rb dazu ausf\u00fchrte sollte man dazu in Zukunft ein Ausschuss\u2013Gremium bilden, die sich speziell mit den Dingen in der Jugendarbeit und deren F\u00f6rderung besch\u00e4ftigen soll. Denn die Jugend, die man Heute gewinnen k\u00f6nne, so Z\u00f6rb in seiner Ausf\u00fchrung sind die Mannschaften der Aktiven von Morgen.<\/p>\n\n\n\n<p>Kurt Hartig zog Bilanz f\u00fcr die Tisch\u2013Tennis-Abteilung. F\u00fcr die verhinderte Abteilungsleiterin Rosi Schallau verlas Thorsten Metz deren Bericht. Ingeborg Festner informierte als Erg\u00e4nzung zum Bericht der Turnabteilung \u00fcber das vielseitige Angebot von Nordic Walking, Step Aerobic usw. Michael Raschke erw\u00e4hnte die Aktivit\u00e4ten der Freizeit \u2013 Fu\u00dfballer. Im Anschluss erstattete Kassenwart Thorsten Klein die Berichte zur finanziellen Situation der HSG und vom TV. Keine Einw\u00e4nde zur Kassenf\u00fchrung gab es durch den Revisor Michael Tiedemann.<\/p>\n\n\n\n<p>Quelle: TV Vorw\u00e4rts 1891 Kirch-G\u00f6ns, Bilder: Eckart Z\u00f6ller\/Pohl-G\u00f6ns<\/p>\n\n\n\n<figure class=\"wp-block-gallery has-nested-images columns-default is-cropped wp-block-gallery-1 is-layout-flex wp-block-gallery-is-layout-flex\">\n<figure class=\"wp-block-image size-large\"><img loading=\"lazy\" decoding=\"async\" width=\"1024\" height=\"680\" data-id=\"14256\" src=\"http:\/\/875jahrekirchgoens.de\/wp-content\/uploads\/2024\/01\/TV-KG1-1024x680.jpg\" alt=\"\" class=\"wp-image-14256\" srcset=\"http:\/\/875jahrekirchgoens.de\/wp-content\/uploads\/2024\/01\/TV-KG1-1024x680.jpg 1024w, http:\/\/875jahrekirchgoens.de\/wp-content\/uploads\/2024\/01\/TV-KG1-300x199.jpg 300w, http:\/\/875jahrekirchgoens.de\/wp-content\/uploads\/2024\/01\/TV-KG1-768x510.jpg 768w, http:\/\/875jahrekirchgoens.de\/wp-content\/uploads\/2024\/01\/TV-KG1-1536x1020.jpg 1536w, http:\/\/875jahrekirchgoens.de\/wp-content\/uploads\/2024\/01\/TV-KG1.jpg 1950w\" sizes=\"auto, (max-width: 1024px) 100vw, 1024px\" \/><figcaption class=\"wp-element-caption\">Mitgliederehrungen standen im Mittelpunkt der Zusammenkunft des TV Kirch G\u00f6ns. So wurden Egon Kr\u00e4mer, Leni Braasch, Klaus Lex, Gerhard Jung und Werner Br\u00fcckel (v.l.) f\u00fcr 50 Jahre TV \u2013 Mitgliedschaft durch Thorsten Metz und Thomas Schicketanz (hintere Reihe) geehrt.<\/figcaption><\/figure>\n\n\n\n<figure class=\"wp-block-image size-large\"><img loading=\"lazy\" decoding=\"async\" width=\"1024\" height=\"680\" data-id=\"14255\" src=\"http:\/\/875jahrekirchgoens.de\/wp-content\/uploads\/2024\/01\/TV-KG-1024x680.jpg\" alt=\"\" class=\"wp-image-14255\" srcset=\"http:\/\/875jahrekirchgoens.de\/wp-content\/uploads\/2024\/01\/TV-KG-1024x680.jpg 1024w, http:\/\/875jahrekirchgoens.de\/wp-content\/uploads\/2024\/01\/TV-KG-300x199.jpg 300w, http:\/\/875jahrekirchgoens.de\/wp-content\/uploads\/2024\/01\/TV-KG-768x510.jpg 768w, http:\/\/875jahrekirchgoens.de\/wp-content\/uploads\/2024\/01\/TV-KG-1536x1020.jpg 1536w, http:\/\/875jahrekirchgoens.de\/wp-content\/uploads\/2024\/01\/TV-KG.jpg 1900w\" sizes=\"auto, (max-width: 1024px) 100vw, 1024px\" \/><figcaption class=\"wp-element-caption\">Ehrungen f\u00fcr 25j\u00e4hrige Mitgliedschaft im TV Kirch-G\u00f6ns<\/figcaption><\/figure>\n<\/figure>\n","protected":false},"excerpt":{"rendered":"<p>R\u00fcckblick auf ein arbeitsintensives Jahr \/ Rege Arbeit in den Abteilungen Einige Ver\u00e4nderungen im Bereich des TV-Vorstandes erbrachte die j\u00fcngste Mitgliederversammlung des TV Kirch G\u00f6ns. Der seitherige Kassenwart Gerhard Reinhard kandidierte nicht mehr f\u00fcr dieses Amt und schied nach 38 Jahren intensiver Vorstandsarbeit aus. Mit Kristina Euler wurde dieses anspruchsvolle Amt im TV Kirch G\u00f6ns &#8230; <a title=\"Kristina Euler wurde zur neuen Finanzchefin im TV Kirch G\u00f6ns gew\u00e4hlt\" class=\"read-more\" href=\"http:\/\/875jahrekirchgoens.de\/?p=14254\" aria-label=\"Mehr Informationen \u00fcber Kristina Euler wurde zur neuen Finanzchefin im TV Kirch G\u00f6ns gew\u00e4hlt\">Weiterlesen<\/a><\/p>\n","protected":false},"author":1,"featured_media":0,"comment_status":"closed","ping_status":"open","sticky":false,"template":"","format":"standard","meta":{"footnotes":""},"categories":[1],"tags":[],"class_list":["post-14254","post","type-post","status-publish","format-standard","hentry","category-infos"],"_links":{"self":[{"href":"http:\/\/875jahrekirchgoens.de\/index.php?rest_route=\/wp\/v2\/posts\/14254","targetHints":{"allow":["GET"]}}],"collection":[{"href":"http:\/\/875jahrekirchgoens.de\/index.php?rest_route=\/wp\/v2\/posts"}],"about":[{"href":"http:\/\/875jahrekirchgoens.de\/index.php?rest_route=\/wp\/v2\/types\/post"}],"author":[{"embeddable":true,"href":"http:\/\/875jahrekirchgoens.de\/index.php?rest_route=\/wp\/v2\/users\/1"}],"replies":[{"embeddable":true,"href":"http:\/\/875jahrekirchgoens.de\/index.php?rest_route=%2Fwp%2Fv2%2Fcomments&post=14254"}],"version-history":[{"count":1,"href":"http:\/\/875jahrekirchgoens.de\/index.php?rest_route=\/wp\/v2\/posts\/14254\/revisions"}],"predecessor-version":[{"id":14257,"href":"http:\/\/875jahrekirchgoens.de\/index.php?rest_route=\/wp\/v2\/posts\/14254\/revisions\/14257"}],"wp:attachment":[{"href":"http:\/\/875jahrekirchgoens.de\/index.php?rest_route=%2Fwp%2Fv2%2Fmedia&parent=14254"}],"wp:term":[{"taxonomy":"category","embeddable":true,"href":"http:\/\/875jahrekirchgoens.de\/index.php?rest_route=%2Fwp%2Fv2%2Fcategories&post=14254"},{"taxonomy":"post_tag","embeddable":true,"href":"http:\/\/875jahrekirchgoens.de\/index.php?rest_route=%2Fwp%2Fv2%2Ftags&post=14254"}],"curies":[{"name":"wp","href":"https:\/\/api.w.org\/{rel}","templated":true}]}}