{"id":14259,"date":"2010-05-04T12:17:00","date_gmt":"2010-05-04T12:17:00","guid":{"rendered":"http:\/\/875jahrekirchgoens.de\/?p=14259"},"modified":"2024-01-15T12:19:06","modified_gmt":"2024-01-15T12:19:06","slug":"der-tv-kirch-goens-freute","status":"publish","type":"post","link":"http:\/\/875jahrekirchgoens.de\/?p=14259","title":{"rendered":"Der TV Kirch G\u00f6ns freute\u2026"},"content":{"rendered":"\n<p>&#8230;sich am 1. Mai 2010 wieder \u00fcber die vielen Besucher. Viele Helfer sorgten sich um das Wohl der G\u00e4ste, die auch aus den Nachbargemeinden den Weg in den n\u00f6rdlichsten Butzbacher Stadtteil fanden. Neben den klassischen Grillspezialit\u00e4ten sorgte zudem eine gro\u00dfe Kaffee\u2013 und Kuchentafel viel Anklang bei den Besuchern. Der Veranstalter hatte auch diesmal wieder zu einem Gewinnspiel aufgerufen, bei dem man den Inhalt von Lego \u2013 Bausteinen in einem Glas sch\u00e4tzen musste. Den exakt richtigen Tipp gab Bettina Misch mit 517 Lego \u2013 Bausteinen ab, dessen Ehemann Uwe links im Bild vom Vorsitzenden Thorsten Metz einen Gutschein f\u00fcr den TV \u2013 Tagesausflug am 17. Juni \u00fcberreicht bekommt. Carmen Wolfheimer (r) tippte 518 Steine im Glas und durfte sich \u00fcber ein K\u00f6rbchen Gerstensaft freuen. F\u00fcr die nicht anwesende Ilse Br\u00fcckel, die 522 Lego \u2013 Steine im Glas sch\u00e4tzte gab es eine Flasche Sekt, die von Thomas Wolfheimer in Empfang genommen wurde.<\/p>\n\n\n\n<p>Quelle: Turnverein Vorw\u00e4rts 1891 Kirch-G\u00f6ns, Bild: Eckart Z\u00f6ller\/Pohl-G\u00f6ns<\/p>\n\n\n\n<figure class=\"wp-block-image size-large\"><img loading=\"lazy\" decoding=\"async\" width=\"1024\" height=\"682\" src=\"http:\/\/875jahrekirchgoens.de\/wp-content\/uploads\/2024\/01\/TV-KG2-1024x682.jpg\" alt=\"\" class=\"wp-image-14260\" srcset=\"http:\/\/875jahrekirchgoens.de\/wp-content\/uploads\/2024\/01\/TV-KG2-1024x682.jpg 1024w, http:\/\/875jahrekirchgoens.de\/wp-content\/uploads\/2024\/01\/TV-KG2-300x200.jpg 300w, http:\/\/875jahrekirchgoens.de\/wp-content\/uploads\/2024\/01\/TV-KG2-768x512.jpg 768w, http:\/\/875jahrekirchgoens.de\/wp-content\/uploads\/2024\/01\/TV-KG2.jpg 1280w\" sizes=\"auto, (max-width: 1024px) 100vw, 1024px\" \/><\/figure>\n","protected":false},"excerpt":{"rendered":"<p>&#8230;sich am 1. Mai 2010 wieder \u00fcber die vielen Besucher. Viele Helfer sorgten sich um das Wohl der G\u00e4ste, die auch aus den Nachbargemeinden den Weg in den n\u00f6rdlichsten Butzbacher Stadtteil fanden. Neben den klassischen Grillspezialit\u00e4ten sorgte zudem eine gro\u00dfe Kaffee\u2013 und Kuchentafel viel Anklang bei den Besuchern. Der Veranstalter hatte auch diesmal wieder zu &#8230; <a title=\"Der TV Kirch G\u00f6ns freute\u2026\" class=\"read-more\" href=\"http:\/\/875jahrekirchgoens.de\/?p=14259\" aria-label=\"Mehr Informationen \u00fcber Der TV Kirch G\u00f6ns freute\u2026\">Weiterlesen<\/a><\/p>\n","protected":false},"author":1,"featured_media":0,"comment_status":"closed","ping_status":"open","sticky":false,"template":"","format":"standard","meta":{"footnotes":""},"categories":[1],"tags":[],"class_list":["post-14259","post","type-post","status-publish","format-standard","hentry","category-infos"],"_links":{"self":[{"href":"http:\/\/875jahrekirchgoens.de\/index.php?rest_route=\/wp\/v2\/posts\/14259","targetHints":{"allow":["GET"]}}],"collection":[{"href":"http:\/\/875jahrekirchgoens.de\/index.php?rest_route=\/wp\/v2\/posts"}],"about":[{"href":"http:\/\/875jahrekirchgoens.de\/index.php?rest_route=\/wp\/v2\/types\/post"}],"author":[{"embeddable":true,"href":"http:\/\/875jahrekirchgoens.de\/index.php?rest_route=\/wp\/v2\/users\/1"}],"replies":[{"embeddable":true,"href":"http:\/\/875jahrekirchgoens.de\/index.php?rest_route=%2Fwp%2Fv2%2Fcomments&post=14259"}],"version-history":[{"count":1,"href":"http:\/\/875jahrekirchgoens.de\/index.php?rest_route=\/wp\/v2\/posts\/14259\/revisions"}],"predecessor-version":[{"id":14261,"href":"http:\/\/875jahrekirchgoens.de\/index.php?rest_route=\/wp\/v2\/posts\/14259\/revisions\/14261"}],"wp:attachment":[{"href":"http:\/\/875jahrekirchgoens.de\/index.php?rest_route=%2Fwp%2Fv2%2Fmedia&parent=14259"}],"wp:term":[{"taxonomy":"category","embeddable":true,"href":"http:\/\/875jahrekirchgoens.de\/index.php?rest_route=%2Fwp%2Fv2%2Fcategories&post=14259"},{"taxonomy":"post_tag","embeddable":true,"href":"http:\/\/875jahrekirchgoens.de\/index.php?rest_route=%2Fwp%2Fv2%2Ftags&post=14259"}],"curies":[{"name":"wp","href":"https:\/\/api.w.org\/{rel}","templated":true}]}}