{"id":14264,"date":"2010-05-04T12:22:00","date_gmt":"2010-05-04T12:22:00","guid":{"rendered":"http:\/\/875jahrekirchgoens.de\/?p=14264"},"modified":"2024-01-15T12:23:30","modified_gmt":"2024-01-15T12:23:30","slug":"willi-gaertner-und-ewald-einhaeuser-zaehlen-zu-den-aeltesten-vereinsmitgliedern","status":"publish","type":"post","link":"http:\/\/875jahrekirchgoens.de\/?p=14264","title":{"rendered":"Willi G\u00e4rtner und Ewald Einh\u00e4user z\u00e4hlen zu den \u00e4ltesten Vereinsmitgliedern"},"content":{"rendered":"\n<p>Mit Thorsten Metz an der Spitze beim TV Kirch G\u00f6ns wurden bis auf Schriftf\u00fchrer Jens \u2013 Uwe Rau, die seitherigen Vorstandsmitglieder bei der j\u00fcngsten Versammlung wieder gew\u00e4hlt. F\u00fcr den nicht mehr kandidierenden Schriftf\u00fchrer, der zwischen 1994 und 1998 2. Schriftf\u00fchrer und vom 17. April 1998 bis zur letzten Mitgliederversammlung dieses Amt bekleidet wurde durch die Versammlung Michael Machon gew\u00e4hlt. Zu Beginn der Mitgliederversammlung galten die Gr\u00fc\u00dfe vom wieder gew\u00e4hlten 1. Vorsitzenden den anwesenden Mitgliedern sowie den Vertretern der Kirch und Pohl G\u00f6nser Ortsvereine und es wurde auch den verstorbenen Mitgliedern gedacht.<\/p>\n\n\n\n<p>In seinem Bericht nannte Thorsten Metz 3 Sitzungen des Vorstandes, au\u00dferdem wurde an der Jahreshauptversammlung beim Nachbarverein TV Pohl G\u00f6ns und der HSG Kirch-\/Pohl G\u00f6ns\/ Butzbach teilgenommen. Erw\u00e4hnung fanden auch der gemeinsame Kappenabend mit der Feuerwehr und das Kinderfaschingstreiben im B\u00fcrgerhaus.<\/p>\n\n\n\n<p>Ein ansprechendes und breites Bet\u00e4tigungsfeld h\u00e4lt der TV Kirch G\u00f6ns f\u00fcr seine Mitglieder bereit. Denn neben Turnen, Freizeitsport und Handball wird gemeinsam mit dem TV Pohl G\u00f6ns seit dem letzten Jahr eine weitere Sportart, n\u00e4mlich Sportakrobatik angeboten. &nbsp;Mit Martina Volk und Alexander Donath, so der Vorsitzende, sei es den beiden Turnvereinen gelungen, 2 neue Ausbilder zu finden, zu dem waren es Ramona Biermann und Nadja Langsdorf, die mit den kleinsten Mitgliedern sich auf sportlicher Basis pr\u00e4sentieren., denn wie der Vorsitzende feststellte, sei es in der heutigen Zeit nicht einfach, noch Personen zu finden, die nahezu unentgeltlich Vereinsarbeit leisten. Desweiteren wurde f\u00fcr 9 \u00dcbungsleiter ein Seminar zum Thema Life Kinetik mit dem Sportwissenschaftler Jens Lapp in der Sporthalle Oberer H\u00fcttenberg angeboten. Anstehende Pflegearbeiten in und um das Vereinsheim wurden auch durchgef\u00fchrt. Bereits zum 6. Mal hatte der TV zur 1. Mai Feier auf das Sportplatzgel\u00e4nde eingeladen, das bei der Bev\u00f6lkerung auf eine gute Resonanz gesto\u00dfen war. Wie bereits im Gesch\u00e4ftsjahr 2008 war auch das letzte Jahr durch hohe Anaschaffungskosten gepr\u00e4gt, welche man teilweise auch in Zusammenarbeit mit dem TV Pohl G\u00f6ns durchf\u00fchrte. In den Sommermonaten sei das Sportplatzgel\u00e4nde aufgrund der Sanierungsma\u00dfnahmen im Schrenzerstadion Butzbach durch die Jugendabteilung vom VfR Butzbach genutzt worden. Die Freizeitkicker im TV, der Quartermain Club stellte den Nachwuchskickern die Kleinfeldtore zur Verf\u00fcgung, an dieser Stelle geb\u00fchrte der Dank den Verantwortlichen bei der Freizeitsportabteilung. Gut in Erinnerung geblieben war auch bei allen Beteiligten der letztj\u00e4hrige Tagesausflug zur Burg Eltz.&nbsp; Thorsten Metz warb bereits jetzt schon f\u00fcr den diesj\u00e4hrigen Tagesausflug am 17. Juni in den Spessart. Beim allj\u00e4hrlichen Backhausfest in der Ortsmitte stellte der TV abermals Personal f\u00fcr die Bewirtung der G\u00e4ste. In einer gemeinsamen Sitzung mit dem TV Pohl G\u00f6ns und allen \u00dcbungsleitern wurden allgemeine Themen aus den einzelnen Bereichen als auch \u00fcber Anschaffungen und die Sporthallenbelegung besprochen. An einem Vereinsgottesdienst in der Kirche nahm der TV ebenfalls teil. In einer gemeinsamen Sitzung mit dem TV Pohl G\u00f6ns wurde \u00fcber Anschaffungen, die allj\u00e4hrliche Kinder \u2013 Nikolausfeier sowie Allgemeines zum Spielbetrieb der HSG besprochen. Eine besondere Erw\u00e4hnung fand hierbei, dass den beiden TV\u00b4s weitere \u00dcbungsleiter fehlen. Einstudierte \u00dcbungen zeigten die j\u00fcngsten TV \u00b4ler bei der Nikolausfeier. Mit weit \u00fcber 100 teilnehmenden Kindern wurde die Veranstaltung wieder zu einem vollen Erfolg. Am Kirch G\u00f6nser Weihnachtsmarkt bewirtete die Tanzgruppe MiB \u2013 Dance im VIP Zelt die zahlreichen G\u00e4ste. An dieser Stelle erw\u00e4hnte Metz das Engagement von Andre Canon, der den Weihnachtsmarkt wieder habe aufleben lassen und es sei f\u00fcr die Gemeinschaft ein tolles Zeichen f\u00fcr die Bev\u00f6lkerung. Zu runden Geburtstagen, Hochzeiten u. \u00e4. wurden den einzelnen Mitgliedern die Gl\u00fcckw\u00fcnsche des Vorstandes \u00fcberbracht. Zum Ende seines Berichtes dankte der Vorsitzende im Namen des Vorstandes Allen, die den TV in irgendeiner Art unterst\u00fctzten sowie den Mitgliedern des Vorstandes f\u00fcr eine gute Zusammenarbeit.<\/p>\n\n\n\n<p>Von einer nicht berauschenden Saison im Hinblick auf den Aktivenbereich (1. M\u00e4nner- und 1.Damenmannschaft) sprach Torsten Klein, denn wie bereit aus der Presse zu erfahren war, musste die HSG in der zu Ende gehenden Saison Abstiege der bereits erw\u00e4hnten Mannschaften hinnehmen (ausf\u00fchrlich wurde bereits \u00fcber die sportliche Situation der HSG an dieser Stelle in der BZ am 24.M\u00e4rz berichtet) Torsten Klein erw\u00e4hnte, dass im Spielbetrieb 2009 \/ 2010 mit 3 Frauen,- 2 M\u00e4nner \u2013 und 11 Jugendmannschaften am Start war. Kurt Hartig informierte die Versammlung \u00fcber sportlichen Aktivit\u00e4ten der Tisch \u2013 Tennisabteilung. Wie dem Bericht zu entnehmen war, wurden dem HTTV im Berichtsjahr zwei Mannschaften gemeldet. Teilgenommen hatten die TT \u2013 Spieler auch and den Stadtmeisterschaften in Hoch Weisel. Christian Matth\u00e4us belegte bei den Vereinsmeisterschaften Platz 1, Kurt Woiwood den 2. Platz und Matthias Schier Rang 3. Im Doppelendspiel standen sich an der Platte Matthias Schier \/ Wolfgang Friedl und Christian Matth\u00e4us \/ Kurt Hartig gegen\u00fcber, wobei das Doppel Schier \/ Friedl siegte. Abschlie\u00dfend verwies Kurt Hartig auf die TT \u2013 Infos, die man sich im Internet unter <a href=\"http:\/\/www.httv.clic.de\/\">www.httv.clic.de<\/a> anschauen kann. Wer in den TT \u2013 Verein reinschnuppern m\u00f6chte bzw. in einer Mannschaft mitspielen m\u00f6chte, sollte sich im Trainingsbetrieb jeden Dienstag zwischen 19. 30 und 22 Uhr oder jeden Samstag zwischen 17 und 20 Uhr vorbeischauen.<\/p>\n\n\n\n<p>Vom Mutter\u2013Kind Turnen bis in den Jugendbereich hinein, biete der TV f\u00fcr alle etwas, wie Thorsten Metz im Bericht der Turnabteilung verlauten lies. An Erfolgen konnte der TV beim Gau \u2013 Kinder \u2013 Turnfest in Dauernheim 2 x Platz 1 und 1 x Platz 3 verbuchen. Einen Gro\u00dfteil der \u00dcbungsstunden werde von Ingeborg Festner abgedeckt. Auch im m\u00e4nnlichen Bereich tut sich so einiges, denn unter der Leitung von Manfred Z\u00f6rb und Hans Bernd Haffer treffen sich Interessierte um mit Ballspielen und Konditionstraining fit zu halten. Mit Burkhard Reuhl verf\u00fcgen beide TV\u00b4s \u00fcber einen erfahrenen \u00dcbungsleiter, der Fitnessgymnastik und kleine Spiele anbietet. Abschlie\u00dfend bedankte sich Metz bei allen \u00dcbungsleitern f\u00fcr eine stets gute Zusammenarbeit mit der Hoffnung, dass diese noch lange anhalten mag.<\/p>\n\n\n\n<p>Michael Raschke von den Freizeitsportlern berichtete \u00fcber 3 Vorstandssitzungen wobei in der letztj\u00e4hrigen Mitgliederversammlung der Vorstand einstimmig wieder gew\u00e4hlt wurde. 2 Mitglieder konnten die Freizeitkicker hinzugewinnen. Abschlie\u00dfend erw\u00e4hnte Michael Raschke, dass die Freizeitkicker in 2012 ihr 25j\u00e4hriges Bestehen w\u00fcrden.<\/p>\n\n\n\n<p>\u00dcber die jeweiligen finanziellen Belange konnten die Ressortleiter Kristina Euler f\u00fcr den TV und Torsten Klein f\u00fcr die HSG berichten. Die jeweiligen Kassenpr\u00fcfer, Volker Wagner f\u00fcr den TV und Thomas Wolfheimer f\u00fcr die HSG bescheinigten den Rechungsf\u00fchrern eine ordnungsgem\u00e4\u00dfe Arbeit. Beiden anstehenden Wahlen wurden Thorsten Metz aus der Versammlung f\u00fcr das Amt zum 1. Vorsitzenden wieder gew\u00e4hlt. Per Wiederwahl entschieden sich die Versammlungsteilnehmer auch auf Thomas Schicketanz (2. Vorsitzender), Kristina Euler (1. Kassenwartin), Katja Schenk (2. Kassenwartin), Michael Machon (1. Schriftf\u00fchrer, neu f\u00fcr Jens Uwe Rau), Marco Reinhard (2. Schriftf\u00fchrer), Torsten Klein (Abteilungsleiter Handball), Anne Beutel (1. Jugendwartin), Tina Klein (2. Jugendwartin), Kurt Hartig (Abteilungsleiter Tischtennis), Michael Raschke (Freizeitsportwart) sowie die Beisitzer Eckard Jung, Thorsten R\u00f6hrig, Sven Daniel und Heinz Peter Will. Zu Kassenpr\u00fcfern gew\u00e4hlt wurden Frank Hankel und Andreas Diehl f\u00fcr die TV-Kasse und Christian Kaminski pr\u00fcft die HSG-Kasse.<\/p>\n\n\n\n<p>Ehrungen wurden ausgesprochen an Doris Nern, Bettina L\u00f6brich und Rudi B\u00f6hm f\u00fcr 25 Jahre TV Mitgliedschaft. Ewald M\u00f6ckel und Gerd H\u00e4user blickten auf 50 Jahre Zugeh\u00f6rigkeit im TV zur\u00fcck. Die Ehrung auf 60 Jahre Mitgliedschaft im TV geb\u00fchrte Josef Giebl und Hans Giehl. Auf eher seltene Mitgliedschaft, n\u00e4mlich 75j\u00e4hrige Vereinszugeh\u00f6rigkeit k\u00f6nnen Willi G\u00e4rtner und Ewald Einh\u00e4user zur\u00fcckblicken.<\/p>\n\n\n\n<p>Quelle: Turnverein Vorw\u00e4rts 1891 Kirch-G\u00f6ns, Bild: Eckart Z\u00f6ller\/Pohl-G\u00f6ns<\/p>\n\n\n\n<figure class=\"wp-block-image size-large\"><img loading=\"lazy\" decoding=\"async\" width=\"1024\" height=\"682\" src=\"http:\/\/875jahrekirchgoens.de\/wp-content\/uploads\/2024\/01\/TV-JHV-1024x682.jpg\" alt=\"\" class=\"wp-image-14263\" srcset=\"http:\/\/875jahrekirchgoens.de\/wp-content\/uploads\/2024\/01\/TV-JHV-1024x682.jpg 1024w, http:\/\/875jahrekirchgoens.de\/wp-content\/uploads\/2024\/01\/TV-JHV-300x200.jpg 300w, http:\/\/875jahrekirchgoens.de\/wp-content\/uploads\/2024\/01\/TV-JHV-768x512.jpg 768w, http:\/\/875jahrekirchgoens.de\/wp-content\/uploads\/2024\/01\/TV-JHV.jpg 1280w\" sizes=\"auto, (max-width: 1024px) 100vw, 1024px\" \/><figcaption class=\"wp-element-caption\">Jens Uwe Rau (l.) war 16 Jahre als Schriftf\u00fchrer t\u00e4tig, ihm dankten Vorsitzender Thorsten Metz (M) und der 2. Vorsitzender Thomas Schicketanz mit einem Pr\u00e4sent.<\/figcaption><\/figure>\n","protected":false},"excerpt":{"rendered":"<p>Mit Thorsten Metz an der Spitze beim TV Kirch G\u00f6ns wurden bis auf Schriftf\u00fchrer Jens \u2013 Uwe Rau, die seitherigen Vorstandsmitglieder bei der j\u00fcngsten Versammlung wieder gew\u00e4hlt. F\u00fcr den nicht mehr kandidierenden Schriftf\u00fchrer, der zwischen 1994 und 1998 2. Schriftf\u00fchrer und vom 17. April 1998 bis zur letzten Mitgliederversammlung dieses Amt bekleidet wurde durch die &#8230; <a title=\"Willi G\u00e4rtner und Ewald Einh\u00e4user z\u00e4hlen zu den \u00e4ltesten Vereinsmitgliedern\" class=\"read-more\" href=\"http:\/\/875jahrekirchgoens.de\/?p=14264\" aria-label=\"Mehr Informationen \u00fcber Willi G\u00e4rtner und Ewald Einh\u00e4user z\u00e4hlen zu den \u00e4ltesten Vereinsmitgliedern\">Weiterlesen<\/a><\/p>\n","protected":false},"author":1,"featured_media":0,"comment_status":"closed","ping_status":"open","sticky":false,"template":"","format":"standard","meta":{"footnotes":""},"categories":[1],"tags":[],"class_list":["post-14264","post","type-post","status-publish","format-standard","hentry","category-infos"],"_links":{"self":[{"href":"http:\/\/875jahrekirchgoens.de\/index.php?rest_route=\/wp\/v2\/posts\/14264","targetHints":{"allow":["GET"]}}],"collection":[{"href":"http:\/\/875jahrekirchgoens.de\/index.php?rest_route=\/wp\/v2\/posts"}],"about":[{"href":"http:\/\/875jahrekirchgoens.de\/index.php?rest_route=\/wp\/v2\/types\/post"}],"author":[{"embeddable":true,"href":"http:\/\/875jahrekirchgoens.de\/index.php?rest_route=\/wp\/v2\/users\/1"}],"replies":[{"embeddable":true,"href":"http:\/\/875jahrekirchgoens.de\/index.php?rest_route=%2Fwp%2Fv2%2Fcomments&post=14264"}],"version-history":[{"count":1,"href":"http:\/\/875jahrekirchgoens.de\/index.php?rest_route=\/wp\/v2\/posts\/14264\/revisions"}],"predecessor-version":[{"id":14265,"href":"http:\/\/875jahrekirchgoens.de\/index.php?rest_route=\/wp\/v2\/posts\/14264\/revisions\/14265"}],"wp:attachment":[{"href":"http:\/\/875jahrekirchgoens.de\/index.php?rest_route=%2Fwp%2Fv2%2Fmedia&parent=14264"}],"wp:term":[{"taxonomy":"category","embeddable":true,"href":"http:\/\/875jahrekirchgoens.de\/index.php?rest_route=%2Fwp%2Fv2%2Fcategories&post=14264"},{"taxonomy":"post_tag","embeddable":true,"href":"http:\/\/875jahrekirchgoens.de\/index.php?rest_route=%2Fwp%2Fv2%2Ftags&post=14264"}],"curies":[{"name":"wp","href":"https:\/\/api.w.org\/{rel}","templated":true}]}}