{"id":14267,"date":"2024-01-15T12:25:39","date_gmt":"2024-01-15T12:25:39","guid":{"rendered":"http:\/\/875jahrekirchgoens.de\/?p=14267"},"modified":"2024-01-16T17:57:33","modified_gmt":"2024-01-16T17:57:33","slug":"kappenabend-in-kirch-goens-2","status":"publish","type":"post","link":"http:\/\/875jahrekirchgoens.de\/?p=14267","title":{"rendered":"Kappenabend in Kirch-G\u00f6ns"},"content":{"rendered":"\n<p>(Mz.) Am Samstag, 20. Januar 2024, wird die Kirch-G\u00f6nser Sch\u00fctzenhalle bereits zum sechsten Male in eine bunte Narrhalla verwandelt und zahlreiche aktive N\u00e4rrinnen und Narrhalesen geben ihren Humor zum Besten. Der Turnverein und Sch\u00fctzenverein Kirch-G\u00f6ns laden zum gemeinsamen Faschingstreiben ein. Schon seit vielen Wochen \u00fcben die Aktiven in verschiedenen Gruppen, um dem Publikum einen bunten Kappenabend zu pr\u00e4sentieren. Showt\u00e4nzer und Showt\u00e4nzerrinnen bewegen sich zu rhythmischen Kl\u00e4ngen und probieren eindrucksvolle Darbietungen und das alles, um Applaus als Dankesch\u00f6n von den Zuschauern zu erhalten. Beginn der Veranstaltung ist um 19.71 Uhr. Neben den Hoingkm\u00e4nnern aus Ebersg\u00f6ns, den Bierbauchhopsern aus Bodenrod, der M\u00e4nnertanzgruppe \u201eSchoppedales\u201c aus Leihgestern und der Gro\u00dfen Garde aus Dornholzhausen stehen noch weitere H\u00f6hepunkte auf dem Programm. Die Tanzgruppe MIB Kirch-G\u00f6ns hat in dieser Kampagne wieder einen Leckerbissen einge\u00fcbt. Mit dem Thema zu einem Grimmschen M\u00e4rchen tritt der Lokalmatador mit einer achtzehnk\u00f6pfigen Gruppe auf. Neben einer B\u00fcttenrede und Tanzdarbietungen wird nat\u00fcrlich auch in diesem Jahr wieder die Pr\u00e4mierung der \u201cBest Kapp&#8220; stattfinden. Auf den Sieger wartet ein Gutschein. Stimmungsmusik wird DJ Felix auflegen. An der Kappensitzung gibt es Getr\u00e4nke und Speisen in gewohnter Art. Der Turnverein und Sch\u00fctzenverein Kirch-G\u00f6ns w\u00fcnschen allen Besuchern des Kappenabends viel Spa\u00df und ein paar frohe Stunden im Kreis der Kirch-Gieser Narren.<\/p>\n","protected":false},"excerpt":{"rendered":"<p>(Mz.) Am Samstag, 20. Januar 2024, wird die Kirch-G\u00f6nser Sch\u00fctzenhalle bereits zum sechsten Male in eine bunte Narrhalla verwandelt und zahlreiche aktive N\u00e4rrinnen und Narrhalesen geben ihren Humor zum Besten. Der Turnverein und Sch\u00fctzenverein Kirch-G\u00f6ns laden zum gemeinsamen Faschingstreiben ein. Schon seit vielen Wochen \u00fcben die Aktiven in verschiedenen Gruppen, um dem Publikum einen bunten &#8230; <a title=\"Kappenabend in Kirch-G\u00f6ns\" class=\"read-more\" href=\"http:\/\/875jahrekirchgoens.de\/?p=14267\" aria-label=\"Mehr Informationen \u00fcber Kappenabend in Kirch-G\u00f6ns\">Weiterlesen<\/a><\/p>\n","protected":false},"author":1,"featured_media":0,"comment_status":"closed","ping_status":"open","sticky":false,"template":"","format":"standard","meta":{"footnotes":""},"categories":[1],"tags":[],"class_list":["post-14267","post","type-post","status-publish","format-standard","hentry","category-infos"],"_links":{"self":[{"href":"http:\/\/875jahrekirchgoens.de\/index.php?rest_route=\/wp\/v2\/posts\/14267","targetHints":{"allow":["GET"]}}],"collection":[{"href":"http:\/\/875jahrekirchgoens.de\/index.php?rest_route=\/wp\/v2\/posts"}],"about":[{"href":"http:\/\/875jahrekirchgoens.de\/index.php?rest_route=\/wp\/v2\/types\/post"}],"author":[{"embeddable":true,"href":"http:\/\/875jahrekirchgoens.de\/index.php?rest_route=\/wp\/v2\/users\/1"}],"replies":[{"embeddable":true,"href":"http:\/\/875jahrekirchgoens.de\/index.php?rest_route=%2Fwp%2Fv2%2Fcomments&post=14267"}],"version-history":[{"count":2,"href":"http:\/\/875jahrekirchgoens.de\/index.php?rest_route=\/wp\/v2\/posts\/14267\/revisions"}],"predecessor-version":[{"id":14302,"href":"http:\/\/875jahrekirchgoens.de\/index.php?rest_route=\/wp\/v2\/posts\/14267\/revisions\/14302"}],"wp:attachment":[{"href":"http:\/\/875jahrekirchgoens.de\/index.php?rest_route=%2Fwp%2Fv2%2Fmedia&parent=14267"}],"wp:term":[{"taxonomy":"category","embeddable":true,"href":"http:\/\/875jahrekirchgoens.de\/index.php?rest_route=%2Fwp%2Fv2%2Fcategories&post=14267"},{"taxonomy":"post_tag","embeddable":true,"href":"http:\/\/875jahrekirchgoens.de\/index.php?rest_route=%2Fwp%2Fv2%2Ftags&post=14267"}],"curies":[{"name":"wp","href":"https:\/\/api.w.org\/{rel}","templated":true}]}}