{"id":14303,"date":"2000-03-25T18:28:00","date_gmt":"2000-03-25T18:28:00","guid":{"rendered":"http:\/\/875jahrekirchgoens.de\/?p=14303"},"modified":"2024-01-19T18:33:28","modified_gmt":"2024-01-19T18:33:28","slug":"kirch-goenser-warten-auf-dorfchronik","status":"publish","type":"post","link":"http:\/\/875jahrekirchgoens.de\/?p=14303","title":{"rendered":"Kirch-G\u00f6nser warten auf Dorfchronik"},"content":{"rendered":"\n<p><strong><em>Werk erscheint rechtzeitig zur 850-Jahrfeier \/ Anfang Juni Vorstellung<\/em><\/strong><\/p>\n\n\n\n<p>Fast beendet sind die Arbeiten an der Kirch-G\u00f6nser Dorfchronik. Seit anderthalb Jahren laufen die Vorbereitungen an diesem Werk, das von der Interessengemeinschaft der Kirch-G\u00f6nser anl\u00e4sslich der 850-Jahrfeier herausgegeben wird. Die Kirch-G\u00f6nser Dorfchronik wird ca. 280 Seiten mit etwa 350 alten Fotos enthalten. Zum einen wird die Geschichte des Dorfes dargestellt, zum anderen wird die Chronik Anekdoten und Geschichten \u00fcber Menschen und H\u00e4user in Kirch-G\u00f6ns enthalten. Viele Mitb\u00fcrger haben den Mitgliedern des Chronik-Ausschusses alte Fotografien zur Verf\u00fcgung gestellt. Mehrere hundert von ihnen wurden gesichtet, die interessantesten und aussagekr\u00e4ftigen wurden f\u00fcr die Chronik ausgesucht, die auch einige Federzeichnungen des Butzbacher Museumsdirektors Dr. Dieter Wolf enthalten wird. Die Dorfchronik wird siebzehn Kapitel umfassen, darunter einen geschichtlichen \u00dcberblick \u00fcber Kirch-G\u00f6ns einschlie\u00dflich arch\u00e4ologischer Funde. \u00dcber H\u00e4user, Pl\u00e4tze und ihre Namen, Neck-und \u00dcbernamen, Kirch-G\u00f6nser Wirtschaften sowie Anekdoten gibt es viel zu lesen und auf Fotos zu sehen. Die Geschichte der Kirch-G\u00f6nser Schulen, der Eisenbahn, der H\u00fcttenberger Tracht, das Leben und Arbeiten im Dorf und auf dem Feld wird einem ebenso n\u00e4hergebracht, wie die Zeit von 1933 \u2013 1945, der Flugplatz auf der Ochsenharb, Gefallene und Vermisste aus beiden Kriegen, Kriegsgefangene im 2. Weltkrieg und das Schicksal der Heimatvertriebenen, die nach Kirch-G\u00f6ns kamen. Den Abschluss der Chronik bilden die Geschichten von f\u00fcnfzehn Kirch-G\u00f6nser Vereinen und Vereinigungen. Die Dorfchronik wird zur Zeit f\u00fcr den Druck vorbereitet. Sie wird Anfang Juni der \u00d6ffentlichkeit vorgestellt. Die ausgeliehenen Fotos werden in den n\u00e4chsten Wochen zur\u00fcckgegeben. Der Preis der Chronik betr\u00e4gt 49 DM. Der Chronik-Ausschuss hofft auf viele Vorbestellungen, damit der Bedarf genauer gesch\u00e4tzt werden kann. Ob jemand eine Chronik kaufen m\u00f6chte, sollte er sich jetzt \u00fcberlegen, eine Zweitauflage wird es nicht geben. Das Buch ist nicht nur ein einmaliges Dokument Kirch-G\u00f6nser Lebens, sondern auch ein tolles Geschenk. Hier sollte man vorausplanen und ein oder mehrere Exemplare f\u00fcr zuk\u00fcnftige F\u00e4lle vorr\u00e4tig haben. Dies betrifft insbesondere Verein und Gruppen. Auch an ausw\u00e4rtige Verwandte, an Kirch-G\u00f6nser, die woanders wohnen, sollte man denken und ihnen von der Chronik berichten. Informationen \u00fcber die Dorfchronik stehen im Internet unter <a href=\"http:\/\/www.kirch-goens.de\">www.kirch-goens.de<\/a>. Bestellungen k\u00f6nnen bei J\u00fcrgen R\u00fchl, Tel.: 06033-970063, <a href=\"mailto:J\u00fcrgen.Ruehl@t-online.de\">J\u00fcrgen.Ruehl@t-online.de<\/a>, oder Peter Braasch, Tel.: 06033-970543, abgegeben werden. Bestellformulare wurden in Kirch-G\u00f6ns bereits ausgetragen, in Pohl-G\u00f6ns wird dies am Wochenende erfolgen.<\/p>\n\n\n\n<p>Quelle und Bild: Butzbacher Zeitung vom 25. M\u00e4rz 2000<\/p>\n\n\n\n<figure class=\"wp-block-image size-full\"><img loading=\"lazy\" decoding=\"async\" width=\"322\" height=\"178\" src=\"http:\/\/875jahrekirchgoens.de\/wp-content\/uploads\/2024\/01\/chronik-Bild1.png\" alt=\"\" class=\"wp-image-14304\" srcset=\"http:\/\/875jahrekirchgoens.de\/wp-content\/uploads\/2024\/01\/chronik-Bild1.png 322w, http:\/\/875jahrekirchgoens.de\/wp-content\/uploads\/2024\/01\/chronik-Bild1-300x166.png 300w\" sizes=\"auto, (max-width: 322px) 100vw, 322px\" \/><figcaption class=\"wp-element-caption\">Auch diese alte Fotografie ist in der Kirch-G\u00f6nser Dorfchronik abgebildet. An der Theke ist der sch\u00f6nste Platz. Aufgenommen beim Feuerwehrfest 1961 am Kirch-G\u00f6nser Sportplatz. Von l. Kurt Kr\u00e4mer, Franz Ceh, Karl M\u00fcller, Heinz Langsdorf, davor Erwin Ebel, Willi Messerschmidt, Willi Friedrich, Ewald Eckard, der &#8222;Eulenwirt\u201c Herr Kubier, Leo Lex, Manfred Weyel, Willi Calling und Kurt Euler. Das Bild stammt von Gerda Eckhard \/ Kirch-G\u00f6ns.<\/figcaption><\/figure>\n","protected":false},"excerpt":{"rendered":"<p>Werk erscheint rechtzeitig zur 850-Jahrfeier \/ Anfang Juni Vorstellung Fast beendet sind die Arbeiten an der Kirch-G\u00f6nser Dorfchronik. Seit anderthalb Jahren laufen die Vorbereitungen an diesem Werk, das von der Interessengemeinschaft der Kirch-G\u00f6nser anl\u00e4sslich der 850-Jahrfeier herausgegeben wird. Die Kirch-G\u00f6nser Dorfchronik wird ca. 280 Seiten mit etwa 350 alten Fotos enthalten. Zum einen wird die &#8230; <a title=\"Kirch-G\u00f6nser warten auf Dorfchronik\" class=\"read-more\" href=\"http:\/\/875jahrekirchgoens.de\/?p=14303\" aria-label=\"Mehr Informationen \u00fcber Kirch-G\u00f6nser warten auf Dorfchronik\">Weiterlesen<\/a><\/p>\n","protected":false},"author":1,"featured_media":0,"comment_status":"closed","ping_status":"open","sticky":false,"template":"","format":"standard","meta":{"footnotes":""},"categories":[1],"tags":[],"class_list":["post-14303","post","type-post","status-publish","format-standard","hentry","category-infos"],"_links":{"self":[{"href":"http:\/\/875jahrekirchgoens.de\/index.php?rest_route=\/wp\/v2\/posts\/14303","targetHints":{"allow":["GET"]}}],"collection":[{"href":"http:\/\/875jahrekirchgoens.de\/index.php?rest_route=\/wp\/v2\/posts"}],"about":[{"href":"http:\/\/875jahrekirchgoens.de\/index.php?rest_route=\/wp\/v2\/types\/post"}],"author":[{"embeddable":true,"href":"http:\/\/875jahrekirchgoens.de\/index.php?rest_route=\/wp\/v2\/users\/1"}],"replies":[{"embeddable":true,"href":"http:\/\/875jahrekirchgoens.de\/index.php?rest_route=%2Fwp%2Fv2%2Fcomments&post=14303"}],"version-history":[{"count":1,"href":"http:\/\/875jahrekirchgoens.de\/index.php?rest_route=\/wp\/v2\/posts\/14303\/revisions"}],"predecessor-version":[{"id":14305,"href":"http:\/\/875jahrekirchgoens.de\/index.php?rest_route=\/wp\/v2\/posts\/14303\/revisions\/14305"}],"wp:attachment":[{"href":"http:\/\/875jahrekirchgoens.de\/index.php?rest_route=%2Fwp%2Fv2%2Fmedia&parent=14303"}],"wp:term":[{"taxonomy":"category","embeddable":true,"href":"http:\/\/875jahrekirchgoens.de\/index.php?rest_route=%2Fwp%2Fv2%2Fcategories&post=14303"},{"taxonomy":"post_tag","embeddable":true,"href":"http:\/\/875jahrekirchgoens.de\/index.php?rest_route=%2Fwp%2Fv2%2Ftags&post=14303"}],"curies":[{"name":"wp","href":"https:\/\/api.w.org\/{rel}","templated":true}]}}