{"id":14307,"date":"2000-03-31T18:39:00","date_gmt":"2000-03-31T18:39:00","guid":{"rendered":"http:\/\/875jahrekirchgoens.de\/?p=14307"},"modified":"2024-01-19T18:42:03","modified_gmt":"2024-01-19T18:42:03","slug":"an-den-dorfeingaengen","status":"publish","type":"post","link":"http:\/\/875jahrekirchgoens.de\/?p=14307","title":{"rendered":"An den Dorfeing\u00e4ngen \u2026"},"content":{"rendered":"\n<p>\u2026 von Kirch-G\u00f6ns stehen jetzt dauerhaft Hinweisschilder. Zur Zeit gr\u00fc\u00dft darauf das Maskottchen \u201eG\u00f6nsi\u201c und weist auf die 850 Jahr-Feier hin. Die Schilder sind so konzipiert, dass auf der linken Seite auf jeweils anstehende Veranstaltungen hingewiesen wird und rechts Besucher in Kirch-G\u00f6ns willkommen gehei\u00dfen werden. Letzte Hand an die Hinweisschilder legten (v. l.) Kurt Schwarzer, Albert Ceh und Helmut Ceh.<\/p>\n\n\n\n<p>Quelle und Bild: Butzbacher Zeitung vom 31. M\u00e4rz 2000<\/p>\n\n\n\n<figure class=\"wp-block-image size-full\"><img loading=\"lazy\" decoding=\"async\" width=\"390\" height=\"272\" src=\"http:\/\/875jahrekirchgoens.de\/wp-content\/uploads\/2024\/01\/Goensi-Bild3.png\" alt=\"\" class=\"wp-image-14308\" srcset=\"http:\/\/875jahrekirchgoens.de\/wp-content\/uploads\/2024\/01\/Goensi-Bild3.png 390w, http:\/\/875jahrekirchgoens.de\/wp-content\/uploads\/2024\/01\/Goensi-Bild3-300x209.png 300w\" sizes=\"auto, (max-width: 390px) 100vw, 390px\" \/><\/figure>\n","protected":false},"excerpt":{"rendered":"<p>\u2026 von Kirch-G\u00f6ns stehen jetzt dauerhaft Hinweisschilder. Zur Zeit gr\u00fc\u00dft darauf das Maskottchen \u201eG\u00f6nsi\u201c und weist auf die 850 Jahr-Feier hin. Die Schilder sind so konzipiert, dass auf der linken Seite auf jeweils anstehende Veranstaltungen hingewiesen wird und rechts Besucher in Kirch-G\u00f6ns willkommen gehei\u00dfen werden. Letzte Hand an die Hinweisschilder legten (v. l.) Kurt Schwarzer, &#8230; <a title=\"An den Dorfeing\u00e4ngen \u2026\" class=\"read-more\" href=\"http:\/\/875jahrekirchgoens.de\/?p=14307\" aria-label=\"Mehr Informationen \u00fcber An den Dorfeing\u00e4ngen \u2026\">Weiterlesen<\/a><\/p>\n","protected":false},"author":1,"featured_media":0,"comment_status":"closed","ping_status":"open","sticky":false,"template":"","format":"standard","meta":{"footnotes":""},"categories":[1],"tags":[],"class_list":["post-14307","post","type-post","status-publish","format-standard","hentry","category-infos"],"_links":{"self":[{"href":"http:\/\/875jahrekirchgoens.de\/index.php?rest_route=\/wp\/v2\/posts\/14307","targetHints":{"allow":["GET"]}}],"collection":[{"href":"http:\/\/875jahrekirchgoens.de\/index.php?rest_route=\/wp\/v2\/posts"}],"about":[{"href":"http:\/\/875jahrekirchgoens.de\/index.php?rest_route=\/wp\/v2\/types\/post"}],"author":[{"embeddable":true,"href":"http:\/\/875jahrekirchgoens.de\/index.php?rest_route=\/wp\/v2\/users\/1"}],"replies":[{"embeddable":true,"href":"http:\/\/875jahrekirchgoens.de\/index.php?rest_route=%2Fwp%2Fv2%2Fcomments&post=14307"}],"version-history":[{"count":1,"href":"http:\/\/875jahrekirchgoens.de\/index.php?rest_route=\/wp\/v2\/posts\/14307\/revisions"}],"predecessor-version":[{"id":14309,"href":"http:\/\/875jahrekirchgoens.de\/index.php?rest_route=\/wp\/v2\/posts\/14307\/revisions\/14309"}],"wp:attachment":[{"href":"http:\/\/875jahrekirchgoens.de\/index.php?rest_route=%2Fwp%2Fv2%2Fmedia&parent=14307"}],"wp:term":[{"taxonomy":"category","embeddable":true,"href":"http:\/\/875jahrekirchgoens.de\/index.php?rest_route=%2Fwp%2Fv2%2Fcategories&post=14307"},{"taxonomy":"post_tag","embeddable":true,"href":"http:\/\/875jahrekirchgoens.de\/index.php?rest_route=%2Fwp%2Fv2%2Ftags&post=14307"}],"curies":[{"name":"wp","href":"https:\/\/api.w.org\/{rel}","templated":true}]}}