{"id":14311,"date":"2000-04-25T19:31:00","date_gmt":"2000-04-25T19:31:00","guid":{"rendered":"http:\/\/875jahrekirchgoens.de\/?p=14311"},"modified":"2024-01-19T19:32:49","modified_gmt":"2024-01-19T19:32:49","slug":"850-jahre-kirch-goens","status":"publish","type":"post","link":"http:\/\/875jahrekirchgoens.de\/?p=14311","title":{"rendered":"850 Jahre Kirch-G\u00f6ns \u2026"},"content":{"rendered":"\n<p>\u2026 und \u201eich bin dabei\u201c sagt das Maskottchen \u201eG\u00f6nsi\u201c der Kirch-G\u00f6nser 850-Jahrfeier auf dem T-Shirt, der Baseball-Kappe und der Tasse, die auf dem Bild von Janina Schmidt, Lisa Bunfill und Franziska M\u00fcller hochgehalten werden. Die drei Artikel k\u00f6nnen in der B\u00e4ckerei Steinm\u00fcller und der Volksbank-Filiale erworben werden. Die K\u00e4ufer unterst\u00fctzen damit die Interessengemeinschaft der Kirch-G\u00f6nser Vereine, von der die 850-Jahrfeier organisiert wird. Au\u00dferdem hat man eine sch\u00f6ne Erinnerung an das Jubil\u00e4umsfest.<\/p>\n\n\n\n<p>Quelle und Bild: Butzbacher Zeitung vom 25. April 2000<\/p>\n\n\n\n<figure class=\"wp-block-image size-full\"><img loading=\"lazy\" decoding=\"async\" width=\"763\" height=\"534\" src=\"http:\/\/875jahrekirchgoens.de\/wp-content\/uploads\/2024\/01\/Goensi-2Bild1.jpg\" alt=\"\" class=\"wp-image-14312\" srcset=\"http:\/\/875jahrekirchgoens.de\/wp-content\/uploads\/2024\/01\/Goensi-2Bild1.jpg 763w, http:\/\/875jahrekirchgoens.de\/wp-content\/uploads\/2024\/01\/Goensi-2Bild1-300x210.jpg 300w\" sizes=\"auto, (max-width: 763px) 100vw, 763px\" \/><\/figure>\n","protected":false},"excerpt":{"rendered":"<p>\u2026 und \u201eich bin dabei\u201c sagt das Maskottchen \u201eG\u00f6nsi\u201c der Kirch-G\u00f6nser 850-Jahrfeier auf dem T-Shirt, der Baseball-Kappe und der Tasse, die auf dem Bild von Janina Schmidt, Lisa Bunfill und Franziska M\u00fcller hochgehalten werden. Die drei Artikel k\u00f6nnen in der B\u00e4ckerei Steinm\u00fcller und der Volksbank-Filiale erworben werden. Die K\u00e4ufer unterst\u00fctzen damit die Interessengemeinschaft der Kirch-G\u00f6nser &#8230; <a title=\"850 Jahre Kirch-G\u00f6ns \u2026\" class=\"read-more\" href=\"http:\/\/875jahrekirchgoens.de\/?p=14311\" aria-label=\"Mehr Informationen \u00fcber 850 Jahre Kirch-G\u00f6ns \u2026\">Weiterlesen<\/a><\/p>\n","protected":false},"author":1,"featured_media":0,"comment_status":"closed","ping_status":"open","sticky":false,"template":"","format":"standard","meta":{"footnotes":""},"categories":[1],"tags":[],"class_list":["post-14311","post","type-post","status-publish","format-standard","hentry","category-infos"],"_links":{"self":[{"href":"http:\/\/875jahrekirchgoens.de\/index.php?rest_route=\/wp\/v2\/posts\/14311","targetHints":{"allow":["GET"]}}],"collection":[{"href":"http:\/\/875jahrekirchgoens.de\/index.php?rest_route=\/wp\/v2\/posts"}],"about":[{"href":"http:\/\/875jahrekirchgoens.de\/index.php?rest_route=\/wp\/v2\/types\/post"}],"author":[{"embeddable":true,"href":"http:\/\/875jahrekirchgoens.de\/index.php?rest_route=\/wp\/v2\/users\/1"}],"replies":[{"embeddable":true,"href":"http:\/\/875jahrekirchgoens.de\/index.php?rest_route=%2Fwp%2Fv2%2Fcomments&post=14311"}],"version-history":[{"count":1,"href":"http:\/\/875jahrekirchgoens.de\/index.php?rest_route=\/wp\/v2\/posts\/14311\/revisions"}],"predecessor-version":[{"id":14313,"href":"http:\/\/875jahrekirchgoens.de\/index.php?rest_route=\/wp\/v2\/posts\/14311\/revisions\/14313"}],"wp:attachment":[{"href":"http:\/\/875jahrekirchgoens.de\/index.php?rest_route=%2Fwp%2Fv2%2Fmedia&parent=14311"}],"wp:term":[{"taxonomy":"category","embeddable":true,"href":"http:\/\/875jahrekirchgoens.de\/index.php?rest_route=%2Fwp%2Fv2%2Fcategories&post=14311"},{"taxonomy":"post_tag","embeddable":true,"href":"http:\/\/875jahrekirchgoens.de\/index.php?rest_route=%2Fwp%2Fv2%2Ftags&post=14311"}],"curies":[{"name":"wp","href":"https:\/\/api.w.org\/{rel}","templated":true}]}}