{"id":14315,"date":"2000-05-19T19:40:00","date_gmt":"2000-05-19T19:40:00","guid":{"rendered":"http:\/\/875jahrekirchgoens.de\/?p=14315"},"modified":"2024-01-19T19:40:54","modified_gmt":"2024-01-19T19:40:54","slug":"helfer-fuer-kirch-goenser-fest-gesucht","status":"publish","type":"post","link":"http:\/\/875jahrekirchgoens.de\/?p=14315","title":{"rendered":"Helfer f\u00fcr Kirch-G\u00f6nser Fest gesucht"},"content":{"rendered":"\n<p><em>Im Juni Tage der offenen H\u00f6fe, im Juli Festtage anl\u00e4sslich der 850-Jahrfeier<\/em><\/p>\n\n\n\n<p>In Kirch-G\u00f6ns stehen anl\u00e4sslich der 850-Jahr-Feierlichkeiten demn\u00e4chst an zwei Wochenenden gr\u00f6\u00dfere Veranstaltungen an. Am 24. und 25. Juni finden die Tage der offenen H\u00f6fe statt, vom 7. bis 10. Juli die eigentlichen Festtage. F\u00fcr diese beiden Veranstaltungen werden noch Helfer gesucht. Wer sich an den Tagen der offenen H\u00f6fe als Helfer beteiligen m\u00f6chte, zum Beispiel als stundenweise Aufsicht bei einer der Ausstellungen, kann sich bei G\u00fcnter Weber, Tel. 970773, melden. F\u00fcr die eigentlichen Festtage werden besonders viele Helfer ben\u00f6tigt. Die Helfereinteilung f\u00fcr die Festtage findet am 31. Mai ab 20.00 Uhr im Saal der Gastst\u00e4tte Maiwald statt. Die Interessengemeinschaft der Kirch-G\u00f6nser Vereine bittet die Bev\u00f6lkerung um tatkr\u00e4ftige Unterst\u00fctzung beim Einsatz als Helfer. Die Veranstaltungen aus Anlass der 850-Jahr-Feier sind etwas ganz Besonderes, haben den Einsatz des ganzen Dorfes n\u00f6tig und verdient Die Mithilfe m\u00f6glichst vieler B\u00fcrgerinnen und B\u00fcrger st\u00e4rkt das Zusammengeh\u00f6rigkeitsgef\u00fchl, und die Helfer k\u00f6nnen stolz darauf sein, an so einem Jubil\u00e4um mitgearbeitet zu haben. Die Interessengemeinschaft der Vereine wendet sich insbesondere auch an die Kirch-G\u00f6nser; die erst in den letzten Jahren zugezogen sind oder sich bisher nicht so in Vereinen engagiert haben. Bei beiden Veranstaltungen wird die M\u00f6glichkeit geboten, andere Kirch-G\u00f6nser ungezwungen n\u00e4her kennen zu lernen und gleichzeitig ein Gef\u00fchl f\u00fcr eine funktionierende Dorfgemeinschaft mit all ihren Vorteilen zu bekommen. F\u00fcr die Festtage im Juli werden auch noch Helfer gesucht, die das Schm\u00fccken der H\u00e4user im Dorf vorbereiten. Hierzu m\u00fcssen Birken im Wald geschlagen und im Dorf verteilt werden. Da bereits viele Vereinsmitglieder sowie andere B\u00fcrgerinnen und B\u00fcrger in Aussch\u00fcssen aktiv sind, sollen hier jene angesprochen sein, die sich noch engagieren m\u00f6chten. Zu einem Fest geh\u00f6ren einfach mit Birkenrei\u00dfig ge\u00ad schm\u00fcckte H\u00e4user dazu. Wer sich an dieser Sonderaktion beteiligen m\u00f6chte, kann sich bei Hanspeter Tiedemann, Tel. 63294, melden.<\/p>\n\n\n\n<p>Quelle: Butzbacher Zeitung vom 19. Mai 2000<\/p>\n","protected":false},"excerpt":{"rendered":"<p>Im Juni Tage der offenen H\u00f6fe, im Juli Festtage anl\u00e4sslich der 850-Jahrfeier In Kirch-G\u00f6ns stehen anl\u00e4sslich der 850-Jahr-Feierlichkeiten demn\u00e4chst an zwei Wochenenden gr\u00f6\u00dfere Veranstaltungen an. Am 24. und 25. Juni finden die Tage der offenen H\u00f6fe statt, vom 7. bis 10. Juli die eigentlichen Festtage. F\u00fcr diese beiden Veranstaltungen werden noch Helfer gesucht. Wer sich &#8230; <a title=\"Helfer f\u00fcr Kirch-G\u00f6nser Fest gesucht\" class=\"read-more\" href=\"http:\/\/875jahrekirchgoens.de\/?p=14315\" aria-label=\"Mehr Informationen \u00fcber Helfer f\u00fcr Kirch-G\u00f6nser Fest gesucht\">Weiterlesen<\/a><\/p>\n","protected":false},"author":1,"featured_media":0,"comment_status":"closed","ping_status":"open","sticky":false,"template":"","format":"standard","meta":{"footnotes":""},"categories":[1],"tags":[],"class_list":["post-14315","post","type-post","status-publish","format-standard","hentry","category-infos"],"_links":{"self":[{"href":"http:\/\/875jahrekirchgoens.de\/index.php?rest_route=\/wp\/v2\/posts\/14315","targetHints":{"allow":["GET"]}}],"collection":[{"href":"http:\/\/875jahrekirchgoens.de\/index.php?rest_route=\/wp\/v2\/posts"}],"about":[{"href":"http:\/\/875jahrekirchgoens.de\/index.php?rest_route=\/wp\/v2\/types\/post"}],"author":[{"embeddable":true,"href":"http:\/\/875jahrekirchgoens.de\/index.php?rest_route=\/wp\/v2\/users\/1"}],"replies":[{"embeddable":true,"href":"http:\/\/875jahrekirchgoens.de\/index.php?rest_route=%2Fwp%2Fv2%2Fcomments&post=14315"}],"version-history":[{"count":1,"href":"http:\/\/875jahrekirchgoens.de\/index.php?rest_route=\/wp\/v2\/posts\/14315\/revisions"}],"predecessor-version":[{"id":14316,"href":"http:\/\/875jahrekirchgoens.de\/index.php?rest_route=\/wp\/v2\/posts\/14315\/revisions\/14316"}],"wp:attachment":[{"href":"http:\/\/875jahrekirchgoens.de\/index.php?rest_route=%2Fwp%2Fv2%2Fmedia&parent=14315"}],"wp:term":[{"taxonomy":"category","embeddable":true,"href":"http:\/\/875jahrekirchgoens.de\/index.php?rest_route=%2Fwp%2Fv2%2Fcategories&post=14315"},{"taxonomy":"post_tag","embeddable":true,"href":"http:\/\/875jahrekirchgoens.de\/index.php?rest_route=%2Fwp%2Fv2%2Ftags&post=14315"}],"curies":[{"name":"wp","href":"https:\/\/api.w.org\/{rel}","templated":true}]}}