{"id":14318,"date":"2000-06-17T19:45:00","date_gmt":"2000-06-17T19:45:00","guid":{"rendered":"http:\/\/875jahrekirchgoens.de\/?p=14318"},"modified":"2024-01-19T19:46:19","modified_gmt":"2024-01-19T19:46:19","slug":"kirch-goenser-dorfchronik-ist-ein-einmaliges-dokument-ueber-den-ort","status":"publish","type":"post","link":"http:\/\/875jahrekirchgoens.de\/?p=14318","title":{"rendered":"Kirch-G\u00f6nser Dorfchronik ist ein einmaliges Dokument \u00fcber den Ort"},"content":{"rendered":"\n<p><em>Bev\u00f6lkerung ist zur Vorstellung am Mittwoch in die Gastst\u00e4tte Maiwald eingeladen<\/em><\/p>\n\n\n\n<p>Die Kirch-G\u00f6nser Dorfchronik ist fertig. Rechtzeitig zu den Tagen der offenen H\u00f6fe am 24. und 25. Juni liegen die Exemplare nun druckfrisch vor. Auf 280 Seiten wird in siebzehn Kapiteln die Geschichte des Dorfes dargestellt. Eingeleitet wird die Dorfchronik mit einem geschichtlichen \u00dcberblick des Butzbacher Museumsleiters Dr. Dieter Wolf. Die einzelnen Kapitel berichten \u00fcber arch\u00e4ologische Funde in Kirch-G\u00f6ns \u00fcber H\u00e4user, Pl\u00e4tze und ihre Namen&#8216; Neck- und \u00dcbernamen von Einwohnern und Kirch-G\u00f6nser Wirtschaften. Anekdoten aus dem d\u00f6rflichen Leben wurden ebenso in die Chronik aufgenommen wie rund 500 alte alte Fotos aus \u00fcber 100 Jahren. Die Geschichte der Kirch-G\u00f6nser Schulen, der Bau der Eisenbahn, die H\u00fcttenberger Tracht, das Leben im Dorf sowie das Arbeiten auf dem Feld werden ebenso beschrieben wie die Zeit von 1933 &#8211; 1945 und der Flugplatz auf der Ochsenharb. Der Gefallenen und Vermissten der beiden Weltkriege wird gedacht. Wissenswertes \u00fcber Kriegsgefangene in Kirch-G\u00f6ns sowie das Schicksal der Heimatvertriebenen, die nach 1945 kamen, ist zu lesen. Den Abschluss der Chronik bilden die Geschichten von f\u00fcnfzehn Kirch-G\u00f6nser Vereinen und Vereinigungen, darunter auch welche wie der Radfahrerverein\u201eWanderfalke&#8220;,die heute nicht mehr bestehen. Die Kirch-G\u00f6nser Dorfchronik ist ein einmaliges Dokument \u00fcber Kirch-G\u00f6ns und seine Einwohner, das in zweij\u00e4hriger Arbeit vom Chronikausschuss zusammengestellt wurde. Da es keine Zweitauflage der Chronik geben wird, sollte sich jeder Interessierte jetzt sein Exemplar besorgen und jene, die k\u00fcnftig als Geschenk dienen sollen. Der Preis betr\u00e4gt 49 DM. Offiziell vorgestellt wird die Kirch-G\u00f6nser Dorfchronik am Mittwoch. 21. Juni, ab 19.00 Uhr im Saal der Gastst\u00e4tte Maiwald in der Bahnhofstra\u00dfe. Die einzelnen Autoren werden kurz \u00fcber ihre Arbeit berichten. Dr. Dieter Wolf wird n\u00e4her auf die Chronik eingehen. Dabei kann man einiges an Hintergrundwissen erfahren. Zu der offiziellen Pr\u00e4sentation der Kirch\u00adG\u00f6nser Dorfchronik ist die Bev\u00f6lkerung herzlich eingeladen. Die vorbestellten Chroniken k\u00f6nnen dabei abgeholt werden. Wer sich bisher noch nicht zu einem Kauf entschlossen hat, kann dies am kommenden Mittwoch noch tun.<\/p>\n\n\n\n<p>Quelle: Butzbacher Zeitung vom 17. Juni 2000<\/p>\n","protected":false},"excerpt":{"rendered":"<p>Bev\u00f6lkerung ist zur Vorstellung am Mittwoch in die Gastst\u00e4tte Maiwald eingeladen Die Kirch-G\u00f6nser Dorfchronik ist fertig. Rechtzeitig zu den Tagen der offenen H\u00f6fe am 24. und 25. Juni liegen die Exemplare nun druckfrisch vor. Auf 280 Seiten wird in siebzehn Kapiteln die Geschichte des Dorfes dargestellt. Eingeleitet wird die Dorfchronik mit einem geschichtlichen \u00dcberblick des &#8230; <a title=\"Kirch-G\u00f6nser Dorfchronik ist ein einmaliges Dokument \u00fcber den Ort\" class=\"read-more\" href=\"http:\/\/875jahrekirchgoens.de\/?p=14318\" aria-label=\"Mehr Informationen \u00fcber Kirch-G\u00f6nser Dorfchronik ist ein einmaliges Dokument \u00fcber den Ort\">Weiterlesen<\/a><\/p>\n","protected":false},"author":1,"featured_media":0,"comment_status":"closed","ping_status":"open","sticky":false,"template":"","format":"standard","meta":{"footnotes":""},"categories":[1],"tags":[],"class_list":["post-14318","post","type-post","status-publish","format-standard","hentry","category-infos"],"_links":{"self":[{"href":"http:\/\/875jahrekirchgoens.de\/index.php?rest_route=\/wp\/v2\/posts\/14318","targetHints":{"allow":["GET"]}}],"collection":[{"href":"http:\/\/875jahrekirchgoens.de\/index.php?rest_route=\/wp\/v2\/posts"}],"about":[{"href":"http:\/\/875jahrekirchgoens.de\/index.php?rest_route=\/wp\/v2\/types\/post"}],"author":[{"embeddable":true,"href":"http:\/\/875jahrekirchgoens.de\/index.php?rest_route=\/wp\/v2\/users\/1"}],"replies":[{"embeddable":true,"href":"http:\/\/875jahrekirchgoens.de\/index.php?rest_route=%2Fwp%2Fv2%2Fcomments&post=14318"}],"version-history":[{"count":1,"href":"http:\/\/875jahrekirchgoens.de\/index.php?rest_route=\/wp\/v2\/posts\/14318\/revisions"}],"predecessor-version":[{"id":14319,"href":"http:\/\/875jahrekirchgoens.de\/index.php?rest_route=\/wp\/v2\/posts\/14318\/revisions\/14319"}],"wp:attachment":[{"href":"http:\/\/875jahrekirchgoens.de\/index.php?rest_route=%2Fwp%2Fv2%2Fmedia&parent=14318"}],"wp:term":[{"taxonomy":"category","embeddable":true,"href":"http:\/\/875jahrekirchgoens.de\/index.php?rest_route=%2Fwp%2Fv2%2Fcategories&post=14318"},{"taxonomy":"post_tag","embeddable":true,"href":"http:\/\/875jahrekirchgoens.de\/index.php?rest_route=%2Fwp%2Fv2%2Ftags&post=14318"}],"curies":[{"name":"wp","href":"https:\/\/api.w.org\/{rel}","templated":true}]}}