{"id":14321,"date":"2000-06-21T19:48:00","date_gmt":"2000-06-21T19:48:00","guid":{"rendered":"http:\/\/875jahrekirchgoens.de\/?p=14321"},"modified":"2024-01-19T19:52:53","modified_gmt":"2024-01-19T19:52:53","slug":"tag-der-offenen-hoefe","status":"publish","type":"post","link":"http:\/\/875jahrekirchgoens.de\/?p=14321","title":{"rendered":"Tag der offenen H\u00f6fe"},"content":{"rendered":"\n<p><em>In \u00fcber 40 H\u00f6fen wird Historisches gezeigt<\/em><\/p>\n\n\n\n<p><a>Lebendiges Heimatmuseum: Viel zu sehen f\u00fcr an Heimatgeschichte Interessierte gibt es im Butzbacher Stadtteil Kirch-G\u00f6ns am kommenden Wochenende. Im Rahmen der 850-Jahr-Feier veranstalten die Dorfvereine am 24. und 25. Juni die Tage der offenen H\u00f6fe. <\/a>An diesen beiden Tagen ist Kirch-G\u00f6ns ein lebendiges Heimatmuseum. In \u00fcber 40 alten Hofreiten im Dorfkern werden in Ausstellungen historische landwirtschaftliche Ger\u00e4te und Maschinen gezeigt, darunter eine Dreschmaschine und eine Kartoffeld\u00e4mpfmaschine in Aktion. Zahlreiche alte Handwerksberufe wie Wagner, Stellmacher und Schuster werden in den H\u00f6fen vorgef\u00fchrt und erl\u00e4utert. In Sonderausstellungen sind altes Spielzeug, Hausrat, Porzellan, Kutschen und Geschirre, historische Motorr\u00e4der, Trachtenteile und vieles mehr zu besichtigen. Auf dem zentralen Tanzboden vor dem alten Backhaus, in dem am Samstag Brot gebacken wird, treten Trachten- und Tanzgruppen auf. Spielleute geben Platzkonzerte. Mundartgedichte werden vorgetragen. F\u00fcr eine Bewirtung ist \u00fcberall gesorgt. Dabei werden auch alte oberhessische Gerichte angeboten. In mehreren H\u00f6fen sind Streichelzoos f\u00fcr Kinder aufgebaut die Dorfdurchfahrt ist gesperrt. Parkpl\u00e4tze sind ausgewiesen. An den Dorfeing\u00e4ngen erhalten die Besucher ein Infoblatt, aus dem entnommen werden kann, wann wo welche Ausstellung\/Vorf\u00fchrung stattfindet. Ge\u00f6ffnet ist samstags von 14 bis 18 Uhr und sonntags von 10 bis 18 Uhr. Und vor allem: Der Eintritt ist frei.<\/p>\n\n\n\n<p>Quelle und Bild: MAZ vom 21. Juni 2000<\/p>\n\n\n\n<figure class=\"wp-block-image size-full\"><img loading=\"lazy\" decoding=\"async\" width=\"849\" height=\"460\" src=\"http:\/\/875jahrekirchgoens.de\/wp-content\/uploads\/2024\/01\/Goensi-3Bild1.jpg\" alt=\"\" class=\"wp-image-14322\" srcset=\"http:\/\/875jahrekirchgoens.de\/wp-content\/uploads\/2024\/01\/Goensi-3Bild1.jpg 849w, http:\/\/875jahrekirchgoens.de\/wp-content\/uploads\/2024\/01\/Goensi-3Bild1-300x163.jpg 300w, http:\/\/875jahrekirchgoens.de\/wp-content\/uploads\/2024\/01\/Goensi-3Bild1-768x416.jpg 768w\" sizes=\"auto, (max-width: 849px) 100vw, 849px\" \/><figcaption class=\"wp-element-caption\">Das Kirch-G\u00f6nser Maskottchen \u201eG\u00f6nsi\u201c hei\u00dft alle Besucher zu den Tagen der offenen H\u00f6fe willkommen.<\/figcaption><\/figure>\n","protected":false},"excerpt":{"rendered":"<p>In \u00fcber 40 H\u00f6fen wird Historisches gezeigt Lebendiges Heimatmuseum: Viel zu sehen f\u00fcr an Heimatgeschichte Interessierte gibt es im Butzbacher Stadtteil Kirch-G\u00f6ns am kommenden Wochenende. Im Rahmen der 850-Jahr-Feier veranstalten die Dorfvereine am 24. und 25. Juni die Tage der offenen H\u00f6fe. An diesen beiden Tagen ist Kirch-G\u00f6ns ein lebendiges Heimatmuseum. In \u00fcber 40 alten &#8230; <a title=\"Tag der offenen H\u00f6fe\" class=\"read-more\" href=\"http:\/\/875jahrekirchgoens.de\/?p=14321\" aria-label=\"Mehr Informationen \u00fcber Tag der offenen H\u00f6fe\">Weiterlesen<\/a><\/p>\n","protected":false},"author":1,"featured_media":0,"comment_status":"closed","ping_status":"open","sticky":false,"template":"","format":"standard","meta":{"footnotes":""},"categories":[1],"tags":[],"class_list":["post-14321","post","type-post","status-publish","format-standard","hentry","category-infos"],"_links":{"self":[{"href":"http:\/\/875jahrekirchgoens.de\/index.php?rest_route=\/wp\/v2\/posts\/14321","targetHints":{"allow":["GET"]}}],"collection":[{"href":"http:\/\/875jahrekirchgoens.de\/index.php?rest_route=\/wp\/v2\/posts"}],"about":[{"href":"http:\/\/875jahrekirchgoens.de\/index.php?rest_route=\/wp\/v2\/types\/post"}],"author":[{"embeddable":true,"href":"http:\/\/875jahrekirchgoens.de\/index.php?rest_route=\/wp\/v2\/users\/1"}],"replies":[{"embeddable":true,"href":"http:\/\/875jahrekirchgoens.de\/index.php?rest_route=%2Fwp%2Fv2%2Fcomments&post=14321"}],"version-history":[{"count":1,"href":"http:\/\/875jahrekirchgoens.de\/index.php?rest_route=\/wp\/v2\/posts\/14321\/revisions"}],"predecessor-version":[{"id":14323,"href":"http:\/\/875jahrekirchgoens.de\/index.php?rest_route=\/wp\/v2\/posts\/14321\/revisions\/14323"}],"wp:attachment":[{"href":"http:\/\/875jahrekirchgoens.de\/index.php?rest_route=%2Fwp%2Fv2%2Fmedia&parent=14321"}],"wp:term":[{"taxonomy":"category","embeddable":true,"href":"http:\/\/875jahrekirchgoens.de\/index.php?rest_route=%2Fwp%2Fv2%2Fcategories&post=14321"},{"taxonomy":"post_tag","embeddable":true,"href":"http:\/\/875jahrekirchgoens.de\/index.php?rest_route=%2Fwp%2Fv2%2Ftags&post=14321"}],"curies":[{"name":"wp","href":"https:\/\/api.w.org\/{rel}","templated":true}]}}