{"id":14325,"date":"2000-07-12T20:17:00","date_gmt":"2000-07-12T20:17:00","guid":{"rendered":"http:\/\/875jahrekirchgoens.de\/?p=14325"},"modified":"2024-01-19T20:18:59","modified_gmt":"2024-01-19T20:18:59","slug":"besondere-ehrung-fuer-anna-diehl","status":"publish","type":"post","link":"http:\/\/875jahrekirchgoens.de\/?p=14325","title":{"rendered":"Besondere Ehrung f\u00fcr Anna Diehl"},"content":{"rendered":"\n<p>Eine besondere Ehrung gab es j\u00fcngst f\u00fcr Anna Diehl. Dem langj\u00e4hrigen treuen Mitglied des TV Kirch-G\u00f6ns \u00fcberreichte TV-Vorsitzender Rudi Weber (r.) in Anerkennung ihrer jahrelangen Verdienste die zum 850-jahligen Jubil\u00e4um erschienene Dorfchronik. Mit dem Geschenk, so Weber, wolle man eine der stillen und flei\u00dfigen Helferinnen im Verein f\u00fcr ihr jahrzehntelanges Engagement auszeichnen. Die 74 Jahre alte Anna Diehl habe nicht nur in ihrer Jugend bereits Frauenhandball im TV gespielt. Sondern ihre ganze Familie habe sich dem Handballsport verschrieben, angefangen bei ihrem verstorbenen Ehemann Willi \u00fcber Ihre Kinder und Schwiegerkinder bis hin zu den Enkeln. Bei den Festen der Handballer stehe die frisch gebackene Uroma stets bereit, um f\u00fcr herzhafte Verpflegung zu sorgen. Und bei den \u201eTagen der offenen H\u00f6fe&#8220; im Rahmen des Kirch-G\u00f6nser Dorfjubil\u00e4ums habe sie mit ihrem selbstgemachten warmen Kartoffelsalat nach altem Familienrezept f\u00fcr einen Riesenansturm auf diese K\u00f6stlichkeit im Hof des TV bei Alwin Hanack gesorgt.<\/p>\n\n\n\n<p>Quelle und Bild: Butzbacher Zeitung vom 12. Juli 2000<\/p>\n\n\n\n<figure class=\"wp-block-image size-full\"><img loading=\"lazy\" decoding=\"async\" width=\"278\" height=\"225\" src=\"http:\/\/875jahrekirchgoens.de\/wp-content\/uploads\/2024\/01\/Diehl-Bild1.png\" alt=\"\" class=\"wp-image-14326\"\/><\/figure>\n","protected":false},"excerpt":{"rendered":"<p>Eine besondere Ehrung gab es j\u00fcngst f\u00fcr Anna Diehl. Dem langj\u00e4hrigen treuen Mitglied des TV Kirch-G\u00f6ns \u00fcberreichte TV-Vorsitzender Rudi Weber (r.) in Anerkennung ihrer jahrelangen Verdienste die zum 850-jahligen Jubil\u00e4um erschienene Dorfchronik. Mit dem Geschenk, so Weber, wolle man eine der stillen und flei\u00dfigen Helferinnen im Verein f\u00fcr ihr jahrzehntelanges Engagement auszeichnen. Die 74 Jahre &#8230; <a title=\"Besondere Ehrung f\u00fcr Anna Diehl\" class=\"read-more\" href=\"http:\/\/875jahrekirchgoens.de\/?p=14325\" aria-label=\"Mehr Informationen \u00fcber Besondere Ehrung f\u00fcr Anna Diehl\">Weiterlesen<\/a><\/p>\n","protected":false},"author":1,"featured_media":0,"comment_status":"closed","ping_status":"open","sticky":false,"template":"","format":"standard","meta":{"footnotes":""},"categories":[1],"tags":[],"class_list":["post-14325","post","type-post","status-publish","format-standard","hentry","category-infos"],"_links":{"self":[{"href":"http:\/\/875jahrekirchgoens.de\/index.php?rest_route=\/wp\/v2\/posts\/14325","targetHints":{"allow":["GET"]}}],"collection":[{"href":"http:\/\/875jahrekirchgoens.de\/index.php?rest_route=\/wp\/v2\/posts"}],"about":[{"href":"http:\/\/875jahrekirchgoens.de\/index.php?rest_route=\/wp\/v2\/types\/post"}],"author":[{"embeddable":true,"href":"http:\/\/875jahrekirchgoens.de\/index.php?rest_route=\/wp\/v2\/users\/1"}],"replies":[{"embeddable":true,"href":"http:\/\/875jahrekirchgoens.de\/index.php?rest_route=%2Fwp%2Fv2%2Fcomments&post=14325"}],"version-history":[{"count":1,"href":"http:\/\/875jahrekirchgoens.de\/index.php?rest_route=\/wp\/v2\/posts\/14325\/revisions"}],"predecessor-version":[{"id":14327,"href":"http:\/\/875jahrekirchgoens.de\/index.php?rest_route=\/wp\/v2\/posts\/14325\/revisions\/14327"}],"wp:attachment":[{"href":"http:\/\/875jahrekirchgoens.de\/index.php?rest_route=%2Fwp%2Fv2%2Fmedia&parent=14325"}],"wp:term":[{"taxonomy":"category","embeddable":true,"href":"http:\/\/875jahrekirchgoens.de\/index.php?rest_route=%2Fwp%2Fv2%2Fcategories&post=14325"},{"taxonomy":"post_tag","embeddable":true,"href":"http:\/\/875jahrekirchgoens.de\/index.php?rest_route=%2Fwp%2Fv2%2Ftags&post=14325"}],"curies":[{"name":"wp","href":"https:\/\/api.w.org\/{rel}","templated":true}]}}