{"id":14332,"date":"2000-07-12T20:23:00","date_gmt":"2000-07-12T20:23:00","guid":{"rendered":"http:\/\/875jahrekirchgoens.de\/?p=14332"},"modified":"2024-01-19T20:23:44","modified_gmt":"2024-01-19T20:23:44","slug":"mit-luftdruckwaffe-bedroht","status":"publish","type":"post","link":"http:\/\/875jahrekirchgoens.de\/?p=14332","title":{"rendered":"Mit Luftdruckwaffe bedroht"},"content":{"rendered":"\n<p>Mit einer Luftdruckwaffe bedrohte ein 24j\u00e4hriger einen Gambacher Handwerker, weil dieser ihm durch seine l\u00e4rmverursachende Arbeit beim Schlafen st\u00f6rte. Der Kirch-G\u00f6nser stand zu diesem Zeitpunkt unter Alkoholeinfluss. Die Polizei stellte das Gewehr sicher. Gegen den jungen Mann l\u00e4uft nun eine Strafanzeige.<\/p>\n\n\n\n<p>Quelle: Butzbacher Zeitung vom 12. Juli 2000<\/p>\n","protected":false},"excerpt":{"rendered":"<p>Mit einer Luftdruckwaffe bedrohte ein 24j\u00e4hriger einen Gambacher Handwerker, weil dieser ihm durch seine l\u00e4rmverursachende Arbeit beim Schlafen st\u00f6rte. Der Kirch-G\u00f6nser stand zu diesem Zeitpunkt unter Alkoholeinfluss. Die Polizei stellte das Gewehr sicher. Gegen den jungen Mann l\u00e4uft nun eine Strafanzeige. Quelle: Butzbacher Zeitung vom 12. Juli 2000<\/p>\n","protected":false},"author":1,"featured_media":0,"comment_status":"closed","ping_status":"open","sticky":false,"template":"","format":"standard","meta":{"footnotes":""},"categories":[1],"tags":[],"class_list":["post-14332","post","type-post","status-publish","format-standard","hentry","category-infos"],"_links":{"self":[{"href":"http:\/\/875jahrekirchgoens.de\/index.php?rest_route=\/wp\/v2\/posts\/14332","targetHints":{"allow":["GET"]}}],"collection":[{"href":"http:\/\/875jahrekirchgoens.de\/index.php?rest_route=\/wp\/v2\/posts"}],"about":[{"href":"http:\/\/875jahrekirchgoens.de\/index.php?rest_route=\/wp\/v2\/types\/post"}],"author":[{"embeddable":true,"href":"http:\/\/875jahrekirchgoens.de\/index.php?rest_route=\/wp\/v2\/users\/1"}],"replies":[{"embeddable":true,"href":"http:\/\/875jahrekirchgoens.de\/index.php?rest_route=%2Fwp%2Fv2%2Fcomments&post=14332"}],"version-history":[{"count":1,"href":"http:\/\/875jahrekirchgoens.de\/index.php?rest_route=\/wp\/v2\/posts\/14332\/revisions"}],"predecessor-version":[{"id":14333,"href":"http:\/\/875jahrekirchgoens.de\/index.php?rest_route=\/wp\/v2\/posts\/14332\/revisions\/14333"}],"wp:attachment":[{"href":"http:\/\/875jahrekirchgoens.de\/index.php?rest_route=%2Fwp%2Fv2%2Fmedia&parent=14332"}],"wp:term":[{"taxonomy":"category","embeddable":true,"href":"http:\/\/875jahrekirchgoens.de\/index.php?rest_route=%2Fwp%2Fv2%2Fcategories&post=14332"},{"taxonomy":"post_tag","embeddable":true,"href":"http:\/\/875jahrekirchgoens.de\/index.php?rest_route=%2Fwp%2Fv2%2Ftags&post=14332"}],"curies":[{"name":"wp","href":"https:\/\/api.w.org\/{rel}","templated":true}]}}