{"id":14335,"date":"2000-07-21T20:24:00","date_gmt":"2000-07-21T20:24:00","guid":{"rendered":"http:\/\/875jahrekirchgoens.de\/?p=14335"},"modified":"2024-01-19T20:26:26","modified_gmt":"2024-01-19T20:26:26","slug":"nach-den-veranstaltungen","status":"publish","type":"post","link":"http:\/\/875jahrekirchgoens.de\/?p=14335","title":{"rendered":"Nach den Veranstaltungen \u2026"},"content":{"rendered":"\n<p>&#8230; zur 850-Jahrfeier ist in Kirch-G\u00f6ns wieder der Alltag eingekehrt. Als letzte Amtshandlung tauschten die Mitglieder des Bauausschusses die Beschilderung der Hinweistafeln an den Ortseing\u00e4ngen aus. Nun gr\u00fc\u00dft das Kirch-G\u00f6nser Mask-0ttchen&#8220;G\u00f6nsi&#8220; die Besucher des Dorfes. Das Material f\u00fcr die Hinweistafeln wurde von den Kirch-G\u00f6nser Firmen Erwin Will, Markus Mohr und Hans Giehll sowie der Langg\u00f6nser Firma Robert Br\u00fcckel gestiftet. Sie erm\u00f6glichten dem Bauausschuss die Erstellung der schmucken und wetterfesten Hinweistafeln mit Dach, die in Zukunft auf Veranstaltungen hinweisen werden. <\/p>\n\n\n\n<p>Auf dem Foto sind zu sehen (v. 1.) Albert Ceh, Helmut Ceh, Eckhard R\u00f6hrig, Norbert Wilhelm und Rainer D\u00e4mon.<\/p>\n\n\n\n<p>Quelle und Bild: Butzbacher Zeitung vom 21. Juli 2000<\/p>\n\n\n\n<figure class=\"wp-block-image size-large\"><img loading=\"lazy\" decoding=\"async\" width=\"1024\" height=\"731\" src=\"http:\/\/875jahrekirchgoens.de\/wp-content\/uploads\/2024\/01\/Alltag-Bild1-1024x731.jpg\" alt=\"\" class=\"wp-image-14336\" srcset=\"http:\/\/875jahrekirchgoens.de\/wp-content\/uploads\/2024\/01\/Alltag-Bild1-1024x731.jpg 1024w, http:\/\/875jahrekirchgoens.de\/wp-content\/uploads\/2024\/01\/Alltag-Bild1-300x214.jpg 300w, http:\/\/875jahrekirchgoens.de\/wp-content\/uploads\/2024\/01\/Alltag-Bild1-768x548.jpg 768w, http:\/\/875jahrekirchgoens.de\/wp-content\/uploads\/2024\/01\/Alltag-Bild1.jpg 1386w\" sizes=\"auto, (max-width: 1024px) 100vw, 1024px\" \/><\/figure>\n","protected":false},"excerpt":{"rendered":"<p>&#8230; zur 850-Jahrfeier ist in Kirch-G\u00f6ns wieder der Alltag eingekehrt. Als letzte Amtshandlung tauschten die Mitglieder des Bauausschusses die Beschilderung der Hinweistafeln an den Ortseing\u00e4ngen aus. Nun gr\u00fc\u00dft das Kirch-G\u00f6nser Mask-0ttchen&#8220;G\u00f6nsi&#8220; die Besucher des Dorfes. Das Material f\u00fcr die Hinweistafeln wurde von den Kirch-G\u00f6nser Firmen Erwin Will, Markus Mohr und Hans Giehll sowie der Langg\u00f6nser &#8230; <a title=\"Nach den Veranstaltungen \u2026\" class=\"read-more\" href=\"http:\/\/875jahrekirchgoens.de\/?p=14335\" aria-label=\"Mehr Informationen \u00fcber Nach den Veranstaltungen \u2026\">Weiterlesen<\/a><\/p>\n","protected":false},"author":1,"featured_media":0,"comment_status":"closed","ping_status":"open","sticky":false,"template":"","format":"standard","meta":{"footnotes":""},"categories":[1],"tags":[],"class_list":["post-14335","post","type-post","status-publish","format-standard","hentry","category-infos"],"_links":{"self":[{"href":"http:\/\/875jahrekirchgoens.de\/index.php?rest_route=\/wp\/v2\/posts\/14335","targetHints":{"allow":["GET"]}}],"collection":[{"href":"http:\/\/875jahrekirchgoens.de\/index.php?rest_route=\/wp\/v2\/posts"}],"about":[{"href":"http:\/\/875jahrekirchgoens.de\/index.php?rest_route=\/wp\/v2\/types\/post"}],"author":[{"embeddable":true,"href":"http:\/\/875jahrekirchgoens.de\/index.php?rest_route=\/wp\/v2\/users\/1"}],"replies":[{"embeddable":true,"href":"http:\/\/875jahrekirchgoens.de\/index.php?rest_route=%2Fwp%2Fv2%2Fcomments&post=14335"}],"version-history":[{"count":1,"href":"http:\/\/875jahrekirchgoens.de\/index.php?rest_route=\/wp\/v2\/posts\/14335\/revisions"}],"predecessor-version":[{"id":14337,"href":"http:\/\/875jahrekirchgoens.de\/index.php?rest_route=\/wp\/v2\/posts\/14335\/revisions\/14337"}],"wp:attachment":[{"href":"http:\/\/875jahrekirchgoens.de\/index.php?rest_route=%2Fwp%2Fv2%2Fmedia&parent=14335"}],"wp:term":[{"taxonomy":"category","embeddable":true,"href":"http:\/\/875jahrekirchgoens.de\/index.php?rest_route=%2Fwp%2Fv2%2Fcategories&post=14335"},{"taxonomy":"post_tag","embeddable":true,"href":"http:\/\/875jahrekirchgoens.de\/index.php?rest_route=%2Fwp%2Fv2%2Ftags&post=14335"}],"curies":[{"name":"wp","href":"https:\/\/api.w.org\/{rel}","templated":true}]}}