{"id":14347,"date":"2004-05-01T20:38:00","date_gmt":"2004-05-01T20:38:00","guid":{"rendered":"http:\/\/875jahrekirchgoens.de\/?p=14347"},"modified":"2024-01-19T20:39:33","modified_gmt":"2024-01-19T20:39:33","slug":"ehemalige-handballer-trafen-aufeinander","status":"publish","type":"post","link":"http:\/\/875jahrekirchgoens.de\/?p=14347","title":{"rendered":"Ehemalige Handballer trafen aufeinander"},"content":{"rendered":"\n<p>Der TV Kirch-G\u00f6ns hatte erstmals zu einer 1. Maifeier auf das Sportplatzgel\u00e4nde eingeladen. Ehemalige Handballer der einstigen Oberliga-Mannschaft der SG Kirch-\/Pohl-G\u00f6ns und des TSV Niederkleen trafen aufeinander. Zahlreiche Zuschauer verfolgten diese Partie, die schlie\u00dflich mit 9:7 von den G\u00e4sten gewonnen wurde. Im Anschluss hatte der TV Kirch-G\u00f6ns zu einem gem\u00fctlichen Beisammensein eingeladen. Trotz der ung\u00fcnstigen Witterung folgten viele Besucher der Einladung und feierten gemeinsam in den Wonnemonat hinein.<\/p>\n\n\n\n<p>Quelle und Bild: Butzbacher Zeitung \/ Anfang Mai 2004<\/p>\n\n\n\n<figure class=\"wp-block-image size-full\"><img loading=\"lazy\" decoding=\"async\" width=\"347\" height=\"345\" src=\"http:\/\/875jahrekirchgoens.de\/wp-content\/uploads\/2024\/01\/Handball-Bild1.png\" alt=\"\" class=\"wp-image-14348\" srcset=\"http:\/\/875jahrekirchgoens.de\/wp-content\/uploads\/2024\/01\/Handball-Bild1.png 347w, http:\/\/875jahrekirchgoens.de\/wp-content\/uploads\/2024\/01\/Handball-Bild1-300x298.png 300w, http:\/\/875jahrekirchgoens.de\/wp-content\/uploads\/2024\/01\/Handball-Bild1-150x150.png 150w\" sizes=\"auto, (max-width: 347px) 100vw, 347px\" \/><\/figure>\n","protected":false},"excerpt":{"rendered":"<p>Der TV Kirch-G\u00f6ns hatte erstmals zu einer 1. Maifeier auf das Sportplatzgel\u00e4nde eingeladen. Ehemalige Handballer der einstigen Oberliga-Mannschaft der SG Kirch-\/Pohl-G\u00f6ns und des TSV Niederkleen trafen aufeinander. Zahlreiche Zuschauer verfolgten diese Partie, die schlie\u00dflich mit 9:7 von den G\u00e4sten gewonnen wurde. Im Anschluss hatte der TV Kirch-G\u00f6ns zu einem gem\u00fctlichen Beisammensein eingeladen. Trotz der ung\u00fcnstigen &#8230; <a title=\"Ehemalige Handballer trafen aufeinander\" class=\"read-more\" href=\"http:\/\/875jahrekirchgoens.de\/?p=14347\" aria-label=\"Mehr Informationen \u00fcber Ehemalige Handballer trafen aufeinander\">Weiterlesen<\/a><\/p>\n","protected":false},"author":1,"featured_media":0,"comment_status":"closed","ping_status":"open","sticky":false,"template":"","format":"standard","meta":{"footnotes":""},"categories":[1],"tags":[],"class_list":["post-14347","post","type-post","status-publish","format-standard","hentry","category-infos"],"_links":{"self":[{"href":"http:\/\/875jahrekirchgoens.de\/index.php?rest_route=\/wp\/v2\/posts\/14347","targetHints":{"allow":["GET"]}}],"collection":[{"href":"http:\/\/875jahrekirchgoens.de\/index.php?rest_route=\/wp\/v2\/posts"}],"about":[{"href":"http:\/\/875jahrekirchgoens.de\/index.php?rest_route=\/wp\/v2\/types\/post"}],"author":[{"embeddable":true,"href":"http:\/\/875jahrekirchgoens.de\/index.php?rest_route=\/wp\/v2\/users\/1"}],"replies":[{"embeddable":true,"href":"http:\/\/875jahrekirchgoens.de\/index.php?rest_route=%2Fwp%2Fv2%2Fcomments&post=14347"}],"version-history":[{"count":1,"href":"http:\/\/875jahrekirchgoens.de\/index.php?rest_route=\/wp\/v2\/posts\/14347\/revisions"}],"predecessor-version":[{"id":14349,"href":"http:\/\/875jahrekirchgoens.de\/index.php?rest_route=\/wp\/v2\/posts\/14347\/revisions\/14349"}],"wp:attachment":[{"href":"http:\/\/875jahrekirchgoens.de\/index.php?rest_route=%2Fwp%2Fv2%2Fmedia&parent=14347"}],"wp:term":[{"taxonomy":"category","embeddable":true,"href":"http:\/\/875jahrekirchgoens.de\/index.php?rest_route=%2Fwp%2Fv2%2Fcategories&post=14347"},{"taxonomy":"post_tag","embeddable":true,"href":"http:\/\/875jahrekirchgoens.de\/index.php?rest_route=%2Fwp%2Fv2%2Ftags&post=14347"}],"curies":[{"name":"wp","href":"https:\/\/api.w.org\/{rel}","templated":true}]}}