{"id":14366,"date":"2008-04-27T20:56:00","date_gmt":"2008-04-27T20:56:00","guid":{"rendered":"http:\/\/875jahrekirchgoens.de\/?p=14366"},"modified":"2024-01-19T20:57:02","modified_gmt":"2024-01-19T20:57:02","slug":"guenter-misch-neuer-ehrenvorsitzender","status":"publish","type":"post","link":"http:\/\/875jahrekirchgoens.de\/?p=14366","title":{"rendered":"G\u00fcnter Misch neuer Ehrenvorsitzender"},"content":{"rendered":"\n<p>Auf der Jahreshauptversammlung des TV Vorw\u00e4rts 1891 Kirch-G\u00f6ns wurde letzten Freitag G\u00fcnter Misch zum Ehrenvorsitzenden ernannt. Gleichzeitig wurde er f\u00fcr 50 Jahre Mitgliedschaft mit der Goldenen Ehrennadel des Vereins ausgezeichnet. 18 Jahre lang leitete G\u00fcnter Misch die Geschicke des Vereins. In dieser Zeit fiel der Bau des Sportlerheims. In seiner Rede erinnerte er an die vielen Arbeitssunden, die von den Mitgliedern geleistet wurden, und an die Unterst\u00fctzung der Frauen, die immer wieder mit Essen die Arbeitenden versorgt hatten. Das Foto zeigt G\u00fcnter Misch (Mitte) mit dem 1. Vorsitzenden Thorsten Metz (links) und dem 2. Vorsitzenden Thomas Schicktanz.<\/p>\n\n\n\n<p>Quelle und Bild: Sonntag Morgenmagazin vom 27. April 2008<\/p>\n\n\n\n<figure class=\"wp-block-image size-full\"><img loading=\"lazy\" decoding=\"async\" width=\"245\" height=\"188\" src=\"http:\/\/875jahrekirchgoens.de\/wp-content\/uploads\/2024\/01\/Misch-Bild1.png\" alt=\"\" class=\"wp-image-14365\"\/><\/figure>\n","protected":false},"excerpt":{"rendered":"<p>Auf der Jahreshauptversammlung des TV Vorw\u00e4rts 1891 Kirch-G\u00f6ns wurde letzten Freitag G\u00fcnter Misch zum Ehrenvorsitzenden ernannt. Gleichzeitig wurde er f\u00fcr 50 Jahre Mitgliedschaft mit der Goldenen Ehrennadel des Vereins ausgezeichnet. 18 Jahre lang leitete G\u00fcnter Misch die Geschicke des Vereins. In dieser Zeit fiel der Bau des Sportlerheims. In seiner Rede erinnerte er an die &#8230; <a title=\"G\u00fcnter Misch neuer Ehrenvorsitzender\" class=\"read-more\" href=\"http:\/\/875jahrekirchgoens.de\/?p=14366\" aria-label=\"Mehr Informationen \u00fcber G\u00fcnter Misch neuer Ehrenvorsitzender\">Weiterlesen<\/a><\/p>\n","protected":false},"author":1,"featured_media":0,"comment_status":"closed","ping_status":"open","sticky":false,"template":"","format":"standard","meta":{"footnotes":""},"categories":[1],"tags":[],"class_list":["post-14366","post","type-post","status-publish","format-standard","hentry","category-infos"],"_links":{"self":[{"href":"http:\/\/875jahrekirchgoens.de\/index.php?rest_route=\/wp\/v2\/posts\/14366","targetHints":{"allow":["GET"]}}],"collection":[{"href":"http:\/\/875jahrekirchgoens.de\/index.php?rest_route=\/wp\/v2\/posts"}],"about":[{"href":"http:\/\/875jahrekirchgoens.de\/index.php?rest_route=\/wp\/v2\/types\/post"}],"author":[{"embeddable":true,"href":"http:\/\/875jahrekirchgoens.de\/index.php?rest_route=\/wp\/v2\/users\/1"}],"replies":[{"embeddable":true,"href":"http:\/\/875jahrekirchgoens.de\/index.php?rest_route=%2Fwp%2Fv2%2Fcomments&post=14366"}],"version-history":[{"count":1,"href":"http:\/\/875jahrekirchgoens.de\/index.php?rest_route=\/wp\/v2\/posts\/14366\/revisions"}],"predecessor-version":[{"id":14367,"href":"http:\/\/875jahrekirchgoens.de\/index.php?rest_route=\/wp\/v2\/posts\/14366\/revisions\/14367"}],"wp:attachment":[{"href":"http:\/\/875jahrekirchgoens.de\/index.php?rest_route=%2Fwp%2Fv2%2Fmedia&parent=14366"}],"wp:term":[{"taxonomy":"category","embeddable":true,"href":"http:\/\/875jahrekirchgoens.de\/index.php?rest_route=%2Fwp%2Fv2%2Fcategories&post=14366"},{"taxonomy":"post_tag","embeddable":true,"href":"http:\/\/875jahrekirchgoens.de\/index.php?rest_route=%2Fwp%2Fv2%2Ftags&post=14366"}],"curies":[{"name":"wp","href":"https:\/\/api.w.org\/{rel}","templated":true}]}}