{"id":14374,"date":"2010-05-19T21:03:00","date_gmt":"2010-05-19T21:03:00","guid":{"rendered":"http:\/\/875jahrekirchgoens.de\/?p=14374"},"modified":"2024-01-26T13:00:26","modified_gmt":"2024-01-26T13:00:26","slug":"kirch-goenser-baukalender","status":"publish","type":"post","link":"http:\/\/875jahrekirchgoens.de\/?p=14374","title":{"rendered":"Kirch-G\u00f6nser Baukalender"},"content":{"rendered":"\n<p>Sehr gut voran kommen die Arbeiten auf den beiden Gro\u00dfbaustellen in der Dorfmitte von Kirch-G\u00f6ns. Der marode Au\u00dfenputz des B\u00fcrgerhauses (Foto) wurde inzwischen abgetragen und die Renovierung des Daches hat gro\u00dfe Fortschritte gemacht. Der Au\u00dfenputz der danebenstehenden evangelischen Kirche ist von flei\u00dfigen Helfern zum gr\u00f6\u00dften Teilabgeklopft worden. Laut Kirchenvorstandsmitglied Sabine Lex ist hier alles bisher hervorragend gelaufen. Sie dankte allen Helfern f\u00fcr ihr vorbildliches Engagement. Jetzt werden noch Helfer f\u00fcr die Feinarbeiten gesucht. Wo der grobe Putz entfernt ist, m\u00fcssen nun die Steine herausgearbeitet, die Fugen freigelegt werden. Fortschritte sind auch bei der Dachrenovierung zu vermelden, wo verfaulte Balken und Bretter ausgetauscht werden und eine neue Beschieferung erfolgt. Der Kirchenvorstand geht davon aus, dass bis zum Herbst das Kirchendach komplett saniert ist und die Au\u00dfenmauern von s\u00e4mtlichem Putz befreit sind.<\/p>\n\n\n\n<p>Quelle: Butzbacher Zeitung vom 19. Mai 2010, Bild: Dieter Pfeiffer \/ Kirch-G\u00f6ns<\/p>\n\n\n\n<figure class=\"wp-block-image size-full\"><img loading=\"lazy\" decoding=\"async\" width=\"550\" height=\"413\" src=\"http:\/\/875jahrekirchgoens.de\/wp-content\/uploads\/2024\/01\/Bauen-Bild1.jpg\" alt=\"\" class=\"wp-image-14373\" srcset=\"http:\/\/875jahrekirchgoens.de\/wp-content\/uploads\/2024\/01\/Bauen-Bild1.jpg 550w, http:\/\/875jahrekirchgoens.de\/wp-content\/uploads\/2024\/01\/Bauen-Bild1-300x225.jpg 300w\" sizes=\"auto, (max-width: 550px) 100vw, 550px\" \/><\/figure>\n","protected":false},"excerpt":{"rendered":"<p>Sehr gut voran kommen die Arbeiten auf den beiden Gro\u00dfbaustellen in der Dorfmitte von Kirch-G\u00f6ns. Der marode Au\u00dfenputz des B\u00fcrgerhauses (Foto) wurde inzwischen abgetragen und die Renovierung des Daches hat gro\u00dfe Fortschritte gemacht. Der Au\u00dfenputz der danebenstehenden evangelischen Kirche ist von flei\u00dfigen Helfern zum gr\u00f6\u00dften Teilabgeklopft worden. Laut Kirchenvorstandsmitglied Sabine Lex ist hier alles bisher &#8230; <a title=\"Kirch-G\u00f6nser Baukalender\" class=\"read-more\" href=\"http:\/\/875jahrekirchgoens.de\/?p=14374\" aria-label=\"Mehr Informationen \u00fcber Kirch-G\u00f6nser Baukalender\">Weiterlesen<\/a><\/p>\n","protected":false},"author":1,"featured_media":0,"comment_status":"closed","ping_status":"open","sticky":false,"template":"","format":"standard","meta":{"footnotes":""},"categories":[1],"tags":[],"class_list":["post-14374","post","type-post","status-publish","format-standard","hentry","category-infos"],"_links":{"self":[{"href":"http:\/\/875jahrekirchgoens.de\/index.php?rest_route=\/wp\/v2\/posts\/14374","targetHints":{"allow":["GET"]}}],"collection":[{"href":"http:\/\/875jahrekirchgoens.de\/index.php?rest_route=\/wp\/v2\/posts"}],"about":[{"href":"http:\/\/875jahrekirchgoens.de\/index.php?rest_route=\/wp\/v2\/types\/post"}],"author":[{"embeddable":true,"href":"http:\/\/875jahrekirchgoens.de\/index.php?rest_route=\/wp\/v2\/users\/1"}],"replies":[{"embeddable":true,"href":"http:\/\/875jahrekirchgoens.de\/index.php?rest_route=%2Fwp%2Fv2%2Fcomments&post=14374"}],"version-history":[{"count":1,"href":"http:\/\/875jahrekirchgoens.de\/index.php?rest_route=\/wp\/v2\/posts\/14374\/revisions"}],"predecessor-version":[{"id":14375,"href":"http:\/\/875jahrekirchgoens.de\/index.php?rest_route=\/wp\/v2\/posts\/14374\/revisions\/14375"}],"wp:attachment":[{"href":"http:\/\/875jahrekirchgoens.de\/index.php?rest_route=%2Fwp%2Fv2%2Fmedia&parent=14374"}],"wp:term":[{"taxonomy":"category","embeddable":true,"href":"http:\/\/875jahrekirchgoens.de\/index.php?rest_route=%2Fwp%2Fv2%2Fcategories&post=14374"},{"taxonomy":"post_tag","embeddable":true,"href":"http:\/\/875jahrekirchgoens.de\/index.php?rest_route=%2Fwp%2Fv2%2Ftags&post=14374"}],"curies":[{"name":"wp","href":"https:\/\/api.w.org\/{rel}","templated":true}]}}