{"id":14378,"date":"2010-07-04T21:05:00","date_gmt":"2010-07-04T21:05:00","guid":{"rendered":"http:\/\/875jahrekirchgoens.de\/?p=14378"},"modified":"2024-01-19T21:07:27","modified_gmt":"2024-01-19T21:07:27","slug":"buergerhaeuser-werden-saniert","status":"publish","type":"post","link":"http:\/\/875jahrekirchgoens.de\/?p=14378","title":{"rendered":"B\u00fcrgerh\u00e4user werden saniert"},"content":{"rendered":"\n<p>Saniert und umgebaut werden derzeit die B\u00fcrgerh\u00e4user in Pohl-G\u00f6ns und Kirch-G\u00f6ns. Im Augeblick erh\u00e4lt der Pohl-G\u00f6nser B\u00fcrgertreff einen Notausgang aus dem Kellergeschoss, w\u00e4hrend beim einger\u00fcsteten Kirch-G\u00f6nser B\u00fcrgerhaus das Dach repariert wird.<\/p>\n\n\n\n<p>Quelle: Butzbacher Zeitung vom 4. Juli 2010<\/p>\n\n\n\n<figure class=\"wp-block-gallery has-nested-images columns-default is-cropped wp-block-gallery-1 is-layout-flex wp-block-gallery-is-layout-flex\">\n<figure class=\"wp-block-image size-large\"><img loading=\"lazy\" decoding=\"async\" width=\"627\" height=\"440\" data-id=\"14380\" src=\"http:\/\/875jahrekirchgoens.de\/wp-content\/uploads\/2024\/01\/Buerger-1Bild2.jpg\" alt=\"\" class=\"wp-image-14380\" srcset=\"http:\/\/875jahrekirchgoens.de\/wp-content\/uploads\/2024\/01\/Buerger-1Bild2.jpg 627w, http:\/\/875jahrekirchgoens.de\/wp-content\/uploads\/2024\/01\/Buerger-1Bild2-300x211.jpg 300w\" sizes=\"auto, (max-width: 627px) 100vw, 627px\" \/><figcaption class=\"wp-element-caption\">Der neu angelegte Treppenabgang zum B\u00fcrgertreff Pohl-G\u00f6ns\n\nBild: Dieter Pfeiffer\n<\/figcaption><\/figure>\n\n\n\n<figure class=\"wp-block-image size-large\"><img loading=\"lazy\" decoding=\"async\" width=\"643\" height=\"445\" data-id=\"14379\" src=\"http:\/\/875jahrekirchgoens.de\/wp-content\/uploads\/2024\/01\/Buerger-Bild1.jpg\" alt=\"\" class=\"wp-image-14379\" srcset=\"http:\/\/875jahrekirchgoens.de\/wp-content\/uploads\/2024\/01\/Buerger-Bild1.jpg 643w, http:\/\/875jahrekirchgoens.de\/wp-content\/uploads\/2024\/01\/Buerger-Bild1-300x208.jpg 300w\" sizes=\"auto, (max-width: 643px) 100vw, 643px\" \/><figcaption class=\"wp-element-caption\">Das einger\u00fcstete Kirch-G\u00f6nser B\u00fcrgerhaus\n\nBild: Dieter Pfeiffer \/ Kirch-G\u00f6ns\n<\/figcaption><\/figure>\n<\/figure>\n","protected":false},"excerpt":{"rendered":"<p>Saniert und umgebaut werden derzeit die B\u00fcrgerh\u00e4user in Pohl-G\u00f6ns und Kirch-G\u00f6ns. Im Augeblick erh\u00e4lt der Pohl-G\u00f6nser B\u00fcrgertreff einen Notausgang aus dem Kellergeschoss, w\u00e4hrend beim einger\u00fcsteten Kirch-G\u00f6nser B\u00fcrgerhaus das Dach repariert wird. Quelle: Butzbacher Zeitung vom 4. Juli 2010<\/p>\n","protected":false},"author":1,"featured_media":0,"comment_status":"closed","ping_status":"open","sticky":false,"template":"","format":"standard","meta":{"footnotes":""},"categories":[1],"tags":[],"class_list":["post-14378","post","type-post","status-publish","format-standard","hentry","category-infos"],"_links":{"self":[{"href":"http:\/\/875jahrekirchgoens.de\/index.php?rest_route=\/wp\/v2\/posts\/14378","targetHints":{"allow":["GET"]}}],"collection":[{"href":"http:\/\/875jahrekirchgoens.de\/index.php?rest_route=\/wp\/v2\/posts"}],"about":[{"href":"http:\/\/875jahrekirchgoens.de\/index.php?rest_route=\/wp\/v2\/types\/post"}],"author":[{"embeddable":true,"href":"http:\/\/875jahrekirchgoens.de\/index.php?rest_route=\/wp\/v2\/users\/1"}],"replies":[{"embeddable":true,"href":"http:\/\/875jahrekirchgoens.de\/index.php?rest_route=%2Fwp%2Fv2%2Fcomments&post=14378"}],"version-history":[{"count":1,"href":"http:\/\/875jahrekirchgoens.de\/index.php?rest_route=\/wp\/v2\/posts\/14378\/revisions"}],"predecessor-version":[{"id":14381,"href":"http:\/\/875jahrekirchgoens.de\/index.php?rest_route=\/wp\/v2\/posts\/14378\/revisions\/14381"}],"wp:attachment":[{"href":"http:\/\/875jahrekirchgoens.de\/index.php?rest_route=%2Fwp%2Fv2%2Fmedia&parent=14378"}],"wp:term":[{"taxonomy":"category","embeddable":true,"href":"http:\/\/875jahrekirchgoens.de\/index.php?rest_route=%2Fwp%2Fv2%2Fcategories&post=14378"},{"taxonomy":"post_tag","embeddable":true,"href":"http:\/\/875jahrekirchgoens.de\/index.php?rest_route=%2Fwp%2Fv2%2Ftags&post=14378"}],"curies":[{"name":"wp","href":"https:\/\/api.w.org\/{rel}","templated":true}]}}