{"id":14385,"date":"2011-04-01T21:09:00","date_gmt":"2011-04-01T21:09:00","guid":{"rendered":"http:\/\/875jahrekirchgoens.de\/?p=14385"},"modified":"2024-01-19T21:11:42","modified_gmt":"2024-01-19T21:11:42","slug":"ehrungen-fuer-verdienste-handballer-des-tv-kirch-goens","status":"publish","type":"post","link":"http:\/\/875jahrekirchgoens.de\/?p=14385","title":{"rendered":"Ehrungen f\u00fcr verdienste Handballer des TV Kirch-G\u00f6ns"},"content":{"rendered":"\n<p>Ehrungen und die Berichte des Vorstandes standen im Mittelpunkt der Versammlung des TV Kirch-G\u00f6ns, zu der Vorsitzender Thorsten Metz die Anwesenden willkommen hie\u00df. Wie Metz berichtete, war der gemeinsame Kappenabend mit der Feuerwehr Kirch-G\u00f6ns wieder gut frequentiert.<\/p>\n\n\n\n<p>Ein ansprechendes Bet\u00e4tigungsfeld h\u00e4lt der TV Kirch-G\u00f6ns f\u00fcr seine Mitglieder bereit. Denn neben Turnen, Freizeitsport; Handball wird gemeinsam mit dem Nachbarverein TV Pohl-G\u00f6ns seit zwei Jahren Sportakrobatik angeboten. Mit Martina Volk war es den Turnvereinen gelungen eine neue Ausbilderin zu gewinnen, zudem waren es Ramona Biermann und Nadja Langsdorf als \u00dcbungsleiter. Im Berichtszeitraum wurde ein Erster-Hilfe-Lehrgang f\u00fcr die \u00dcbungsleiter angeboten. An dieser Stelle geb\u00fchrte der dank von Thorsten Metz, Anne Beutel, die mit der Organisation und Katja Schenk, die mit der Betreuung beauftragt waren. In diesem Jahr; so Metz, werden weitere Arbeitseins\u00e4tze durchgef\u00fchrt. Metz beklagte die mangelnde Bereitschaft von Mitgliedern, sich an solch einem Arbeitseinsatz zu beteiligen, denn die Nutzung des Sportlerheimes werde von einem Gro\u00dfteil der TV-Mitglieder gew\u00fcnscht. Beklagen musste Metz auch wieder von Besch\u00e4digungen am Sportlerheim, u.a. der Au\u00dfenbeleuchtung und Eingangst\u00fcr. Die besch\u00e4digten Ballfangnetze werden demn\u00e4chst wieder aufgestellt. Teilgenommen hat eine TV-Abordnung auch an der 50 Jahr-Feier\u00b7des Musikzuges Kirch\u00adG\u00f6ns. Auch die allj\u00e4hrliche 1. Mai-Feier war wieder vom Erfolg gekr\u00f6nt. Auch fand im Mai erstmals ein Nordic Walking-Tag, der von beiden Turnvereinen durchgef\u00fchrt wurde, statt. Beiden Turnvereinen wurde bereits zum 3. Mal das Qualit\u00e4tssiegel ,,Sport pro Gesundeit&#8220; f\u00fcr die Angebote Pr\u00e4ventionsgymnastik, mehr Gesundheit &#8211; mehr Fitness, Nordic Walking und Bewegungstraining f\u00fcr Senioren verliehen. Ein gro\u00dfer Dank ging an Ingeborg Festner. Durch ihr Engagement k\u00f6nnen beide Turnvereine stolz auf die Verleihung dieses Qualit\u00e4tssiegels sein. Vorsitzender Metz verwies auf den diesj\u00e4hrigen Ausflug am 16. Juli nach Boppard. Beim Kirch-G\u00f6nser Weihnachtsmarkt erw\u00e4hnte Thorsten Metz das Engagement von Andre Canon. Metz verwies auch auf die Inter\u00ad netseitenww.tv-kirch.goens.de oder www.tv\u00adpohl-goens.de. Hier k\u00f6nne man sich \u00fcber aktu\u00ad elle Themen informieren. Abschliessend geb\u00fchrte der Dank allen, die eine T\u00e4tigkeit im Verein wahrnehmen oder auch all jenige die den TV\u00b7materiell oder in einer anderen Art im Berichtsjahr unterst\u00fctzt hatten. Werner J\u00e4ger, Vorsitzender der HSG Kirch-\/ Pohl-G\u00f6ns\/Butzbach informierte die-Versammlung \u00fcber die sportlichen Belange der Spielgemeinschaft. Etwas getr\u00fcbt fiel der Bericht im Aktivenbereich aus. Kurt Hartig berichtete \u00fcber die sportlichen Erfolge der Tischtennis-Abteilung. F\u00fcr den Spielbetrieb sind dem HTTV zwei Tischtennis Mannschaften gemeldet. Dabei spielt die 1. Mannschaft in der Kreisklasse Gruppe 1, und die 2. Mannschaft spielt in der 2. Kreisklasse Gruppe 1. Kurt Hartig verwies auch auf einen Trainingsbetrieb f\u00fcr Jugendliche, beklagte aber weiter einen Teilnehmermangel. Er hofft, dass in Zukunft mehr Jugendliche sich f\u00fcr den TT-Sport begeistern w\u00fcrden, so dass man diese Sportart im TV Kirch-G\u00f6ns erhalten k\u00f6nne. Anne Beutel berichtete \u00fcber die Turnabteilung. Michael Raschke, Freizeitsportwart berichtete, dass wegen Spielermangels im Berichtsjahr an keinem Turnier teilgenommen wurde, aber wie Michael Raschke dazu anmerkte, flei\u00dfig trainiert wurde. Bei der letztj\u00e4hrigen \u00f6ffentlichen Kirch-G\u00f6nser Schwimmmeisterschaft handelt es sich um das beliebte Kartenspiel, dass letztlich Frank Hankel f\u00fcr sich entschied. Aufgrund der guten Akzeptanz wird es auch in diesem Jahr wieder eine solche Meisterschaft geben. Einen Ausblick gew\u00e4hrte Michael Raschke auch f\u00fcr 2012, denn dann feiern die Freizeitkicker das 25-j\u00e4hrige Bestehen. Im \u00dcberblick informierten Katja Schenk f\u00fcr die TV-Kasse und Thorsten Klein zur finanziellen Situation der HSG-Kasse. Die Revisoren f\u00fcr die HSG-Kasse Christian Kaminski und Andreas Diehl\/Frank Hanke f\u00fcr die TV-Kasse hatten keine Beanstandungen. Bei der anstehenden Wahl zum HSG-Kassenpr\u00fcfer wurde Diana Diehl gew\u00e4hlt.<\/p>\n\n\n\n<p>Auch blickten bei der diesj\u00e4hrigen Versammlung einige Mitglieder auf langj\u00e4hrige Zugeh\u00f6rigkeit zur\u00fcck. Dazu z\u00e4hlen f\u00fcr 24 Jahre. Hans Watz, Willi Rusch, Thorsten Metz und Hans Peter Becker. F\u00fcr 40j\u00e4hrige Mitgliedschaft wurden Peter Braasch, Gerhard Eckhard und Alex Myroniuk geehrt. Zur 50j\u00e4hrigen Mitgliedschaft wurden Urkunden und Ehrennadeln an Werner Schmidt, Richard Schepp, Friedel Nern, Klaus Heiden, Werner G\u00e4rtner und Lothar R\u00f6hrig \u00fcberreicht.<\/p>\n\n\n\n<p>Quelle und Bilder: Butzbacher Zeitung \/ April 2011<\/p>\n\n\n\n<figure class=\"wp-block-gallery has-nested-images columns-default is-cropped wp-block-gallery-1 is-layout-flex wp-block-gallery-is-layout-flex\">\n<figure class=\"wp-block-image size-large\"><img loading=\"lazy\" decoding=\"async\" width=\"327\" height=\"228\" data-id=\"14384\" src=\"http:\/\/875jahrekirchgoens.de\/wp-content\/uploads\/2024\/01\/Ehre1-Bild2.png\" alt=\"\" class=\"wp-image-14384\" srcset=\"http:\/\/875jahrekirchgoens.de\/wp-content\/uploads\/2024\/01\/Ehre1-Bild2.png 327w, http:\/\/875jahrekirchgoens.de\/wp-content\/uploads\/2024\/01\/Ehre1-Bild2-300x209.png 300w\" sizes=\"auto, (max-width: 327px) 100vw, 327px\" \/><figcaption class=\"wp-element-caption\">Der stellvertretende Vorsitzende des TV Kirch-G\u00f6ns, Thomas Schicketanz (r.), ehrte Alex Myroniuk und Gerhard Eckhard (l.).<\/figcaption><\/figure>\n\n\n\n<figure class=\"wp-block-image size-large\"><img loading=\"lazy\" decoding=\"async\" width=\"464\" height=\"270\" data-id=\"14383\" src=\"http:\/\/875jahrekirchgoens.de\/wp-content\/uploads\/2024\/01\/Ehre-Bild1.png\" alt=\"\" class=\"wp-image-14383\" srcset=\"http:\/\/875jahrekirchgoens.de\/wp-content\/uploads\/2024\/01\/Ehre-Bild1.png 464w, http:\/\/875jahrekirchgoens.de\/wp-content\/uploads\/2024\/01\/Ehre-Bild1-300x175.png 300w\" sizes=\"auto, (max-width: 464px) 100vw, 464px\" \/><figcaption class=\"wp-element-caption\">Vorsitzender Thorsten Metz (r.) zeichnete f\u00fcr 50 Jahre Mitgliedschaft Werner Schmidt, Lothar R\u00f6hrig, Friedel Nern und Klaus Heiden aus. <\/figcaption><\/figure>\n<\/figure>\n","protected":false},"excerpt":{"rendered":"<p>Ehrungen und die Berichte des Vorstandes standen im Mittelpunkt der Versammlung des TV Kirch-G\u00f6ns, zu der Vorsitzender Thorsten Metz die Anwesenden willkommen hie\u00df. Wie Metz berichtete, war der gemeinsame Kappenabend mit der Feuerwehr Kirch-G\u00f6ns wieder gut frequentiert. Ein ansprechendes Bet\u00e4tigungsfeld h\u00e4lt der TV Kirch-G\u00f6ns f\u00fcr seine Mitglieder bereit. Denn neben Turnen, Freizeitsport; Handball wird gemeinsam &#8230; <a title=\"Ehrungen f\u00fcr verdienste Handballer des TV Kirch-G\u00f6ns\" class=\"read-more\" href=\"http:\/\/875jahrekirchgoens.de\/?p=14385\" aria-label=\"Mehr Informationen \u00fcber Ehrungen f\u00fcr verdienste Handballer des TV Kirch-G\u00f6ns\">Weiterlesen<\/a><\/p>\n","protected":false},"author":1,"featured_media":0,"comment_status":"closed","ping_status":"open","sticky":false,"template":"","format":"standard","meta":{"footnotes":""},"categories":[1],"tags":[],"class_list":["post-14385","post","type-post","status-publish","format-standard","hentry","category-infos"],"_links":{"self":[{"href":"http:\/\/875jahrekirchgoens.de\/index.php?rest_route=\/wp\/v2\/posts\/14385","targetHints":{"allow":["GET"]}}],"collection":[{"href":"http:\/\/875jahrekirchgoens.de\/index.php?rest_route=\/wp\/v2\/posts"}],"about":[{"href":"http:\/\/875jahrekirchgoens.de\/index.php?rest_route=\/wp\/v2\/types\/post"}],"author":[{"embeddable":true,"href":"http:\/\/875jahrekirchgoens.de\/index.php?rest_route=\/wp\/v2\/users\/1"}],"replies":[{"embeddable":true,"href":"http:\/\/875jahrekirchgoens.de\/index.php?rest_route=%2Fwp%2Fv2%2Fcomments&post=14385"}],"version-history":[{"count":1,"href":"http:\/\/875jahrekirchgoens.de\/index.php?rest_route=\/wp\/v2\/posts\/14385\/revisions"}],"predecessor-version":[{"id":14386,"href":"http:\/\/875jahrekirchgoens.de\/index.php?rest_route=\/wp\/v2\/posts\/14385\/revisions\/14386"}],"wp:attachment":[{"href":"http:\/\/875jahrekirchgoens.de\/index.php?rest_route=%2Fwp%2Fv2%2Fmedia&parent=14385"}],"wp:term":[{"taxonomy":"category","embeddable":true,"href":"http:\/\/875jahrekirchgoens.de\/index.php?rest_route=%2Fwp%2Fv2%2Fcategories&post=14385"},{"taxonomy":"post_tag","embeddable":true,"href":"http:\/\/875jahrekirchgoens.de\/index.php?rest_route=%2Fwp%2Fv2%2Ftags&post=14385"}],"curies":[{"name":"wp","href":"https:\/\/api.w.org\/{rel}","templated":true}]}}