{"id":14391,"date":"2012-05-02T21:15:00","date_gmt":"2012-05-02T21:15:00","guid":{"rendered":"http:\/\/875jahrekirchgoens.de\/?p=14391"},"modified":"2024-01-19T21:21:04","modified_gmt":"2024-01-19T21:21:04","slug":"willi-becker-seit-60-jahren-im-tv-kirch-goens-mitglied","status":"publish","type":"post","link":"http:\/\/875jahrekirchgoens.de\/?p=14391","title":{"rendered":"Willi Becker seit 60 Jahren im TV Kirch-G\u00f6ns Mitglied"},"content":{"rendered":"\n<p><em>Thorsten Metz wurde als Vorsitzender wiedergew\u00e4hlt<\/em><\/p>\n\n\n\n<p>Der TV Kirch G\u00f6ns blickte k\u00fcrzlich mit einiger seiner Mitglieder auf das vergangene Jahr zur\u00fcck. In seiner Begr\u00fc\u00dfung konnte Vorsitzender Thorsten Metz den Vorsitzenden vom TV Pohl G\u00f6ns, J\u00fcrgen Ratz, den Vorsitzenden der HSG Kirch-\/Pohl-G\u00f6ns\/Butzbach, Werner J\u00e4ger sowie vom Ortsbeirat Stefan Euler und die anwesenden Mitglieder willkommen hei\u00dfen. Im Anschluss wurde den im Berichtsjahr verstorbenen Mitglieder gedacht. In seinem T\u00e4tigkeitsbericht erw\u00e4hnte Vorsitzender Metz, dass 4 Vorstandssitzungen abgehalten wurden. Im Januar letzten Jahres besuchten einige Mitglieder beider Turnvereine die Sportveranstaltung Feuerwerk der Turnkunst in der Rittal \u2013 Arena in Wetzlar. Am Faschingsdienstag wurde der bereits zur Tradition gewordene Kinderfasching veranstaltet. Ein ansprechendes breites Bet\u00e4tigungsfeld h\u00e4lt der TV Kirch G\u00f6ns f\u00fcr seine Mitglieder bereit. Denn neben Turnen, Freizeitsport und Handball wird gemeinsam mit dem TV Pohl G\u00f6ns seit rund 3 Jahren mit dem TV Pohl G\u00f6ns die Sportart Sportakrobatik angeboten. Neben Martina Volk bei der Sportakrobatik ist Elena Buschmann als weitere Trainerin f\u00fcr beide Turnvereine t\u00e4tig. Allj\u00e4hrlich hatte der TV die notwendigen Pflegearbeiten in und um das Sportlerheim Kirch G\u00f6ns durchgef\u00fchrt. Leider, so der TV \u2013 Vorsitzende m\u00fcsse man auch von unliebsamen Zeitgenossen \u00fcber Besch\u00e4digungen am Sportlerheim berichten. Hier nannte Thorsten Metz Besch\u00e4digungen an der Eingangst\u00fcr. Nachdem an der Au\u00dfenfassade ein neuer Farbanstrich angebracht wurde, hatten einige Mitb\u00fcrger ihren eigenen Beitrag hinzugef\u00fcgt und die W\u00e4nde mit Dreckklumpen beschmiert. Auch diverse Farbschmierereien wurden bereits festgestellt. Von einem Erfolg gekr\u00f6nt war die letztj\u00e4hrige 1. Maifeier. Teilgenommen hatte der TV auch an den Jubil\u00e4umsfeierlichkeiten 100 Jahre Freiwillige Feuerwehr Kirch G\u00f6ns. Im August fand in Zusammenarbeit mit dem TV Pohl G\u00f6ns die erste Kinderolympiade statt. Rund 50 Kids nahmen an dieser Olympiade teil. Im November wurde das Dibondschild mit dem Ortslogo von Kirch G\u00f6ns am Sportlerheim angebracht. In Zusammenarbeit mit dem Ortsbeirat wurden die anfallenden Kosten f\u00fcr die Anschaffung aufgeteilt. Erw\u00e4hnt wurde auch die gemeinsame Nikolausfeier der Kinderturnabteilung, die abermals in der Schulsporthalle der MPS Oberer H\u00fcttenberg stattfand. Im Hinblick auf das 125 j\u00e4hrige Jubil\u00e4um vom TV Kirch G\u00f6ns berichtete Vorsitzender Metz, dass man sich erstmals \u00fcber das Ausma\u00df bzw. die geplanten Veranstaltungen im Jubil\u00e4umsjahr unterhalten habe.<\/p>\n\n\n\n<p>HSG \u2013 Vorsitzender Werner J\u00e4ger erw\u00e4hnte, dass die HSG im Februar diesen Jahres bereits seit 10 Jahren bestehe. Nach einigen Turbulenzen in den vergangenen Jahren befinde sich die HSG wieder in einem ruhigeren Fahrwasser. Sowohl die Frauen als auch die M\u00e4nnermannschaften spielen eine vergleichsweise entspannte Runde, wobei leider aber ein stetiges auf und ab zu verzeichnen ist. Auch im Jugendbereich ist zwar eine Kontinuit\u00e4t zu verzeichnen, nach wie vor befinde man sich nach Angaben des HSG\u2013Vorsitzenden auf einem eher mittelpr\u00e4chtigen Niveau, da mit der weiblichen B\u2013 und C\u2013 Jugend gleich 2 Mannschaften in der BOL spielen. Der Vorstand habe sich zu 9 Sitzungen getroffen, hinzu kamen wieder diverse Besprechungen innerhalb der einzelnen Aussch\u00fcsse sowie Gespr\u00e4che von Teilen des Vorstandes mit Spielern\/innen und Trainern. An einer Vereinsvertretersitzung in Stadtallendorf wurde teilgenommen, weil dies eine Pflichtveranstaltung f\u00fcr die Vereine ist, hier wurden neben den \u00fcblichen Regularien auch die Sieger der einzelnen Spielklassen auf Bezirksebene geehrt. Die Arbeit im F\u00f6rderverein habe sich gut weiterentwickelt. Beim Hallenturnier f\u00fcr Frauen und M\u00e4nner wurde mit jeweils 8 Teams durchgef\u00fchrt. In diesem Jahr findet die Traditionsveranstaltung vom 24. \u2013 26. August statt.<\/p>\n\n\n\n<p>Kurt Hartig informierte \u00fcber den Spielbetrieb in der Tisch\u2013Tennisabteilung. Im Spielbetrieb 2011 \/ 2012 wurden 2 Mannschaften gemeldet. Teilgenommen hatten die Kirch G\u00f6nser TT- Spieler auch an den Stadtmeisterschaften. Im Doppel konnte dabei Mathias Schier mit seinem Doppelpartner die Vizestadtmeisterschaft in seiner Konkurrenz erspielen. Angeschafft wurde auch eine TT\u2013Roboter. Mit dieser Anschaffung erhoffe man sich eine weitere Vorw\u00e4rtsentwicklung, denn auch das Ger\u00e4t wurde von den Spielern im Training mit gutem Lob aufgenommen.<\/p>\n\n\n\n<p>In vielen Bereichen k\u00f6nne man sich beim TV Kirch G\u00f6ns sportlich bet\u00e4tigen. Anne Beutel erw\u00e4hnte hierbei das Mutter-Kind\u2013Turnen bis hin zur Fitness\u2013Gymnastik, die Samstag von Burkhard Reuhl geleitet wird.<\/p>\n\n\n\n<p>Michael Raschke hatte kurz erw\u00e4hnt das die Freizeit\u2013Fu\u00dfballabteilung im TV Kirch G\u00f6ns in diesem Jahr ihr 25 j\u00e4hriges Bestehen in einem kleinen gem\u00fctlichen Rahmen feiert.<\/p>\n\n\n\n<p>Die Kassenberichte wurde von Kristina Euler (TV) und Torsten Klein (HSG) vorgetragen. Die Revisoren Frank Hankel (TV) und Diana Diehl (HSG) bescheinigten den finanziell Verantwortlichen eine gute T\u00e4tigkeit.<\/p>\n\n\n\n<p>Bei den anstehenden Wahlen entschieden sich die Versammlungsteilnehmer den seither 1. Vorsitzenden Thorsten Metz in seinem Amt zu best\u00e4tigen. Bei den weiteren Wahlen zum TV\u2013Vorstand wurden wieder gew\u00e4hlt: Thomas Schicketanz (2. Vorsitzender), Kristian Euler (Kassenwartin), Katja Schenk (stv. Kassenwartin), Michael Machon (Schriftf\u00fchrer), Marco Reinhard (stv. Schriftf\u00fchrer), Torsten Klein (Abteilungsleiter Handball), Anne Beutel (Jugendwartin), Tina Klein (stv. Jugendwartin), Kurt Hartig (Abteilungsleiter Tischtennis), Freizeitsportwart Michael Raschke, 2. Beisitzer Thorsten R\u00f6hrig, 3. Beisitzer Sven Daniel, 4. Beisitzer Heinz Peter Will. Neu in den TV\u2013Vorstand gew\u00e4hlt wurde Stephanie Sohn. Sebastian Quester wird f\u00fcr das Gesch\u00e4ftsjahr 2012 die TV-Kasse pr\u00fcfen. Bei der HSG wird hierf\u00fcr Oliver Thiele und Christian Kaminski verantwortlich sein.<\/p>\n\n\n\n<p>Im Anschluss konnten einige der anwesenden Mitglieder auf langj\u00e4hrige Vereinszugeh\u00f6rigkeit zur\u00fcckblicken. Im Einzelnen sind dies: Willi Becker (60 Jahre), Willi Calling, Heidrun Thate, Renate Misch, Renate Misch, Renate R\u00fchl und Rudi Weber (alle 50 Jahre) sowie Marco Reinhard, Andrea Buch, Thorsten R\u00f6hrig, Ute Maiwald, Heike Fitz, Christina Greller \u2013 Weinmann, Edith Weber, Thomas Wolfheimer, Heidi R\u00f6hrig (25 Jahre). F\u00fcr das langj\u00e4hrige Engagement im TV nahmen Torsten Klein, Michael Raschke und Thorsten Metz jeweils eine Urkunde des Landesportbundes in Empfang.<\/p>\n\n\n\n<p>Zum Ende der Versammlung gab der wieder gew\u00e4hlte Vorsitzende Thorsten Metz noch einen kleinen Ausblick auf die TV-Aktivit\u00e4ten f\u00fcr 2012. Hier wurden ein Zumba\u2013Kurs der nach den Sommerferien geplant ist genannt sowie der Tagesausflug am 14. Juli, 18. August Kinderolympiade, 27. Halloween\u2013Party, Anfang Dezember gemeinsame Kinder\u2013Nikolausfeier mit dem TV Pohl G\u00f6ns. Diese Feier soll erstmals an einem Sonntag stattfinden, wie Thorsten Metz berichtete.<\/p>\n\n\n\n<p>Quelle und Bilder: TV Kirch-G\u00f6ns \/ 2. Mai 2012<\/p>\n\n\n\n<figure class=\"wp-block-gallery has-nested-images columns-default is-cropped wp-block-gallery-1 is-layout-flex wp-block-gallery-is-layout-flex\">\n<figure class=\"wp-block-image size-large\"><img loading=\"lazy\" decoding=\"async\" width=\"748\" height=\"498\" data-id=\"14390\" src=\"http:\/\/875jahrekirchgoens.de\/wp-content\/uploads\/2024\/01\/Willi3-Bild3.jpg\" alt=\"\" class=\"wp-image-14390\" srcset=\"http:\/\/875jahrekirchgoens.de\/wp-content\/uploads\/2024\/01\/Willi3-Bild3.jpg 748w, http:\/\/875jahrekirchgoens.de\/wp-content\/uploads\/2024\/01\/Willi3-Bild3-300x200.jpg 300w\" sizes=\"auto, (max-width: 748px) 100vw, 748px\" \/><figcaption class=\"wp-element-caption\">Eine Ehrenurkunde vom Landessportbund Hessen f\u00fcr ehrenamtliche Vereinst\u00e4tigkeit nahmen Thorsten Metz (l), Michael Raschke und Torsten Klein (r) entgegen.<\/figcaption><\/figure>\n\n\n\n<figure class=\"wp-block-image size-large\"><img loading=\"lazy\" decoding=\"async\" width=\"737\" height=\"491\" data-id=\"14389\" src=\"http:\/\/875jahrekirchgoens.de\/wp-content\/uploads\/2024\/01\/Willi1-Bild2.jpg\" alt=\"\" class=\"wp-image-14389\" srcset=\"http:\/\/875jahrekirchgoens.de\/wp-content\/uploads\/2024\/01\/Willi1-Bild2.jpg 737w, http:\/\/875jahrekirchgoens.de\/wp-content\/uploads\/2024\/01\/Willi1-Bild2-300x200.jpg 300w\" sizes=\"auto, (max-width: 737px) 100vw, 737px\" \/><figcaption class=\"wp-element-caption\">Vorsitzender Thorsten Metz (r) gratulierte Willi Calling (M) und Heidrun Thate zur 50j\u00e4hrigen Mitgliedschaft<\/figcaption><\/figure>\n\n\n\n<figure class=\"wp-block-image size-large\"><img loading=\"lazy\" decoding=\"async\" width=\"803\" height=\"535\" data-id=\"14388\" src=\"http:\/\/875jahrekirchgoens.de\/wp-content\/uploads\/2024\/01\/Willi-Bild1.jpg\" alt=\"\" class=\"wp-image-14388\" srcset=\"http:\/\/875jahrekirchgoens.de\/wp-content\/uploads\/2024\/01\/Willi-Bild1.jpg 803w, http:\/\/875jahrekirchgoens.de\/wp-content\/uploads\/2024\/01\/Willi-Bild1-300x200.jpg 300w, http:\/\/875jahrekirchgoens.de\/wp-content\/uploads\/2024\/01\/Willi-Bild1-768x512.jpg 768w\" sizes=\"auto, (max-width: 803px) 100vw, 803px\" \/><figcaption class=\"wp-element-caption\">Durch den 2. Vorsitzenden Thomas Schicketanz (r) wurden Thorsten R\u00f6hrig, Christina Greller \u2013 Weinmann, Ute Maiwald, Heidi R\u00f6hrig und Thomas Wolfheimer (l.) f\u00fcr 25j\u00e4hrige Mitgliedschaft geehrt.<\/figcaption><\/figure>\n<\/figure>\n\n\n\n<p><\/p>\n","protected":false},"excerpt":{"rendered":"<p>Thorsten Metz wurde als Vorsitzender wiedergew\u00e4hlt Der TV Kirch G\u00f6ns blickte k\u00fcrzlich mit einiger seiner Mitglieder auf das vergangene Jahr zur\u00fcck. In seiner Begr\u00fc\u00dfung konnte Vorsitzender Thorsten Metz den Vorsitzenden vom TV Pohl G\u00f6ns, J\u00fcrgen Ratz, den Vorsitzenden der HSG Kirch-\/Pohl-G\u00f6ns\/Butzbach, Werner J\u00e4ger sowie vom Ortsbeirat Stefan Euler und die anwesenden Mitglieder willkommen hei\u00dfen. Im &#8230; <a title=\"Willi Becker seit 60 Jahren im TV Kirch-G\u00f6ns Mitglied\" class=\"read-more\" href=\"http:\/\/875jahrekirchgoens.de\/?p=14391\" aria-label=\"Mehr Informationen \u00fcber Willi Becker seit 60 Jahren im TV Kirch-G\u00f6ns Mitglied\">Weiterlesen<\/a><\/p>\n","protected":false},"author":1,"featured_media":0,"comment_status":"closed","ping_status":"open","sticky":false,"template":"","format":"standard","meta":{"footnotes":""},"categories":[1],"tags":[],"class_list":["post-14391","post","type-post","status-publish","format-standard","hentry","category-infos"],"_links":{"self":[{"href":"http:\/\/875jahrekirchgoens.de\/index.php?rest_route=\/wp\/v2\/posts\/14391","targetHints":{"allow":["GET"]}}],"collection":[{"href":"http:\/\/875jahrekirchgoens.de\/index.php?rest_route=\/wp\/v2\/posts"}],"about":[{"href":"http:\/\/875jahrekirchgoens.de\/index.php?rest_route=\/wp\/v2\/types\/post"}],"author":[{"embeddable":true,"href":"http:\/\/875jahrekirchgoens.de\/index.php?rest_route=\/wp\/v2\/users\/1"}],"replies":[{"embeddable":true,"href":"http:\/\/875jahrekirchgoens.de\/index.php?rest_route=%2Fwp%2Fv2%2Fcomments&post=14391"}],"version-history":[{"count":2,"href":"http:\/\/875jahrekirchgoens.de\/index.php?rest_route=\/wp\/v2\/posts\/14391\/revisions"}],"predecessor-version":[{"id":14394,"href":"http:\/\/875jahrekirchgoens.de\/index.php?rest_route=\/wp\/v2\/posts\/14391\/revisions\/14394"}],"wp:attachment":[{"href":"http:\/\/875jahrekirchgoens.de\/index.php?rest_route=%2Fwp%2Fv2%2Fmedia&parent=14391"}],"wp:term":[{"taxonomy":"category","embeddable":true,"href":"http:\/\/875jahrekirchgoens.de\/index.php?rest_route=%2Fwp%2Fv2%2Fcategories&post=14391"},{"taxonomy":"post_tag","embeddable":true,"href":"http:\/\/875jahrekirchgoens.de\/index.php?rest_route=%2Fwp%2Fv2%2Ftags&post=14391"}],"curies":[{"name":"wp","href":"https:\/\/api.w.org\/{rel}","templated":true}]}}