{"id":14395,"date":"2012-07-28T21:22:00","date_gmt":"2012-07-28T21:22:00","guid":{"rendered":"http:\/\/875jahrekirchgoens.de\/?p=14395"},"modified":"2024-01-19T21:23:52","modified_gmt":"2024-01-19T21:23:52","slug":"der-kirch-goenser-dorfmittelpunkt-einst-und-jetzt","status":"publish","type":"post","link":"http:\/\/875jahrekirchgoens.de\/?p=14395","title":{"rendered":"Der Kirch-G\u00f6nser Dorfmittelpunkt einst und jetzt"},"content":{"rendered":"\n<p>\u00d6d und leer sieht er aus, der Kirch-G\u00f6nser Dorfmittelpunkt vor dem alten Backhaus, nachdem im letzten Sommer ein Unwetter, die Jahrhunderte alte Dorflinde gef\u00e4llt hat. Selbst die Sitzbank ist verschwunden. Die m\u00e4chtige Linde war ein Kirch-G\u00f6nser Wahrzeichen, in dessen Schatten viele Feste gefeiert wurden. Ob es zu einer Neupflanzung kommt, ist nicht bekannt. Schon im letzten Jahr musste der Kirch-G\u00f6nser Heimat- und Backhausverein sein traditionelles Backhausfest am letzten August-Wochenende ohne die Linde feiern. In diesem Jahr, zu seinem drei\u00dfigj\u00e4hrigen Bestehen, wird das nicht anders sein.<\/p>\n\n\n\n<p>Quelle: Butzbacher Zeitung vom 28. Juli 2012, Bilder: Dieter Pfeiffer \/ Kirch-G\u00f6ns<\/p>\n\n\n\n<figure class=\"wp-block-gallery has-nested-images columns-default is-cropped wp-block-gallery-1 is-layout-flex wp-block-gallery-is-layout-flex\">\n<figure class=\"wp-block-image size-large\"><img loading=\"lazy\" decoding=\"async\" width=\"604\" height=\"834\" data-id=\"14397\" src=\"http:\/\/875jahrekirchgoens.de\/wp-content\/uploads\/2024\/01\/DoMiPu1-Bild2.jpg\" alt=\"\" class=\"wp-image-14397\" srcset=\"http:\/\/875jahrekirchgoens.de\/wp-content\/uploads\/2024\/01\/DoMiPu1-Bild2.jpg 604w, http:\/\/875jahrekirchgoens.de\/wp-content\/uploads\/2024\/01\/DoMiPu1-Bild2-217x300.jpg 217w\" sizes=\"auto, (max-width: 604px) 100vw, 604px\" \/><\/figure>\n\n\n\n<figure class=\"wp-block-image size-large\"><img loading=\"lazy\" decoding=\"async\" width=\"630\" height=\"840\" data-id=\"14396\" src=\"http:\/\/875jahrekirchgoens.de\/wp-content\/uploads\/2024\/01\/DoMiPu-Bild1.jpg\" alt=\"\" class=\"wp-image-14396\" srcset=\"http:\/\/875jahrekirchgoens.de\/wp-content\/uploads\/2024\/01\/DoMiPu-Bild1.jpg 630w, http:\/\/875jahrekirchgoens.de\/wp-content\/uploads\/2024\/01\/DoMiPu-Bild1-225x300.jpg 225w\" sizes=\"auto, (max-width: 630px) 100vw, 630px\" \/><\/figure>\n<\/figure>\n","protected":false},"excerpt":{"rendered":"<p>\u00d6d und leer sieht er aus, der Kirch-G\u00f6nser Dorfmittelpunkt vor dem alten Backhaus, nachdem im letzten Sommer ein Unwetter, die Jahrhunderte alte Dorflinde gef\u00e4llt hat. Selbst die Sitzbank ist verschwunden. Die m\u00e4chtige Linde war ein Kirch-G\u00f6nser Wahrzeichen, in dessen Schatten viele Feste gefeiert wurden. Ob es zu einer Neupflanzung kommt, ist nicht bekannt. Schon im &#8230; <a title=\"Der Kirch-G\u00f6nser Dorfmittelpunkt einst und jetzt\" class=\"read-more\" href=\"http:\/\/875jahrekirchgoens.de\/?p=14395\" aria-label=\"Mehr Informationen \u00fcber Der Kirch-G\u00f6nser Dorfmittelpunkt einst und jetzt\">Weiterlesen<\/a><\/p>\n","protected":false},"author":1,"featured_media":0,"comment_status":"closed","ping_status":"open","sticky":false,"template":"","format":"standard","meta":{"footnotes":""},"categories":[1],"tags":[],"class_list":["post-14395","post","type-post","status-publish","format-standard","hentry","category-infos"],"_links":{"self":[{"href":"http:\/\/875jahrekirchgoens.de\/index.php?rest_route=\/wp\/v2\/posts\/14395","targetHints":{"allow":["GET"]}}],"collection":[{"href":"http:\/\/875jahrekirchgoens.de\/index.php?rest_route=\/wp\/v2\/posts"}],"about":[{"href":"http:\/\/875jahrekirchgoens.de\/index.php?rest_route=\/wp\/v2\/types\/post"}],"author":[{"embeddable":true,"href":"http:\/\/875jahrekirchgoens.de\/index.php?rest_route=\/wp\/v2\/users\/1"}],"replies":[{"embeddable":true,"href":"http:\/\/875jahrekirchgoens.de\/index.php?rest_route=%2Fwp%2Fv2%2Fcomments&post=14395"}],"version-history":[{"count":1,"href":"http:\/\/875jahrekirchgoens.de\/index.php?rest_route=\/wp\/v2\/posts\/14395\/revisions"}],"predecessor-version":[{"id":14398,"href":"http:\/\/875jahrekirchgoens.de\/index.php?rest_route=\/wp\/v2\/posts\/14395\/revisions\/14398"}],"wp:attachment":[{"href":"http:\/\/875jahrekirchgoens.de\/index.php?rest_route=%2Fwp%2Fv2%2Fmedia&parent=14395"}],"wp:term":[{"taxonomy":"category","embeddable":true,"href":"http:\/\/875jahrekirchgoens.de\/index.php?rest_route=%2Fwp%2Fv2%2Fcategories&post=14395"},{"taxonomy":"post_tag","embeddable":true,"href":"http:\/\/875jahrekirchgoens.de\/index.php?rest_route=%2Fwp%2Fv2%2Ftags&post=14395"}],"curies":[{"name":"wp","href":"https:\/\/api.w.org\/{rel}","templated":true}]}}