{"id":14416,"date":"2016-01-07T11:39:00","date_gmt":"2016-01-07T11:39:00","guid":{"rendered":"http:\/\/875jahrekirchgoens.de\/?p=14416"},"modified":"2024-01-20T11:41:18","modified_gmt":"2024-01-20T11:41:18","slug":"kirch-goenser-tv-chronik-vor-der-fertigstellung","status":"publish","type":"post","link":"http:\/\/875jahrekirchgoens.de\/?p=14416","title":{"rendered":"Kirch-G\u00f6nser TV-Chronik vor der Fertigstellung"},"content":{"rendered":"\n<p>In diesem Jahr begeht der Turnverein ,,Vorw\u00e4rts&#8220; Kirch-G\u00f6ns mit einem Festwochenende vom 3. bis 5. Juni auf dem Sportplatz in der Bahnhofstra\u00dfe sein 125-jahriges Vereinsjubil\u00e4um. Aus diesem Anlass entsteht derzeit eine Chronik, die kurz vor dem Abschluss steht. Hierzu wird noch ein Foto des Kirch-G\u00f6nsers Wilhelm Kr\u00e4mer (1909 &#8211; 1987) gesucht. Die Macher der Vereinschronik bieten allen Interessierten an, mit einer Spende in einer Fu\u00dfzeile des Buches als Unterst\u00fctzer namentlich genannt zu werden. Wer die Erstellung der Chronik finanziell oder mit einem Beitrag unterst\u00fctzen m\u00f6chte; kann sich noch bis zum 12. Januar beim 1. Vorsitzenden Thorsten Metz (Tel. 06033\/974878) melden. Er nimmt auch Chronik-Vorbestellungen an. Die fertige Vereinschronik wird am 19. Marz anl\u00e4sslich der akademischen Feier zum 125-j\u00e4hrigen Jubil\u00e4um in der Mehrzweckhalle Kirch-\/Pohl-G\u00f6ns pr\u00e4sentiert. Weitere Veranstaltungen des Turnvereins Kirch\u00ad G\u00f6ns in diesem Jahr: 23. Januar Kappenabend in der. Sch\u00fctzenhalle, 29. April Jahreshauptversammlung, 1.-Mai-Feier am Sportplatz, 5. September Feier zur Vereinsgr\u00fcndung, 24. September TV-Ausflug und 3. Dezember Nikolausfeier.<\/p>\n\n\n\n<p>Quelle und Bild: Butzbacher Zeitung vom 7. Januar 2016<\/p>\n\n\n\n<figure class=\"wp-block-image size-full\"><img loading=\"lazy\" decoding=\"async\" width=\"413\" height=\"319\" src=\"http:\/\/875jahrekirchgoens.de\/wp-content\/uploads\/2024\/01\/Chronik-Bild1-1.png\" alt=\"\" class=\"wp-image-14417\" srcset=\"http:\/\/875jahrekirchgoens.de\/wp-content\/uploads\/2024\/01\/Chronik-Bild1-1.png 413w, http:\/\/875jahrekirchgoens.de\/wp-content\/uploads\/2024\/01\/Chronik-Bild1-1-300x232.png 300w\" sizes=\"auto, (max-width: 413px) 100vw, 413px\" \/><figcaption class=\"wp-element-caption\">Am 19. M\u00e4rz wird Thorsten Metz, der 1. Vorsitzende des Turnvereins Kirch-G\u00f6ns, die Chronik zum 125-j\u00e4hrigenVereinsjubil\u00e4um im Rahmen der akademischen Feier in der Mehrzweckhalle Kirch-\/Pohl-G\u00f6ns pr\u00e4sentieren<\/figcaption><\/figure>\n","protected":false},"excerpt":{"rendered":"<p>In diesem Jahr begeht der Turnverein ,,Vorw\u00e4rts&#8220; Kirch-G\u00f6ns mit einem Festwochenende vom 3. bis 5. Juni auf dem Sportplatz in der Bahnhofstra\u00dfe sein 125-jahriges Vereinsjubil\u00e4um. Aus diesem Anlass entsteht derzeit eine Chronik, die kurz vor dem Abschluss steht. Hierzu wird noch ein Foto des Kirch-G\u00f6nsers Wilhelm Kr\u00e4mer (1909 &#8211; 1987) gesucht. Die Macher der Vereinschronik &#8230; <a title=\"Kirch-G\u00f6nser TV-Chronik vor der Fertigstellung\" class=\"read-more\" href=\"http:\/\/875jahrekirchgoens.de\/?p=14416\" aria-label=\"Mehr Informationen \u00fcber Kirch-G\u00f6nser TV-Chronik vor der Fertigstellung\">Weiterlesen<\/a><\/p>\n","protected":false},"author":1,"featured_media":0,"comment_status":"closed","ping_status":"open","sticky":false,"template":"","format":"standard","meta":{"footnotes":""},"categories":[1],"tags":[],"class_list":["post-14416","post","type-post","status-publish","format-standard","hentry","category-infos"],"_links":{"self":[{"href":"http:\/\/875jahrekirchgoens.de\/index.php?rest_route=\/wp\/v2\/posts\/14416","targetHints":{"allow":["GET"]}}],"collection":[{"href":"http:\/\/875jahrekirchgoens.de\/index.php?rest_route=\/wp\/v2\/posts"}],"about":[{"href":"http:\/\/875jahrekirchgoens.de\/index.php?rest_route=\/wp\/v2\/types\/post"}],"author":[{"embeddable":true,"href":"http:\/\/875jahrekirchgoens.de\/index.php?rest_route=\/wp\/v2\/users\/1"}],"replies":[{"embeddable":true,"href":"http:\/\/875jahrekirchgoens.de\/index.php?rest_route=%2Fwp%2Fv2%2Fcomments&post=14416"}],"version-history":[{"count":1,"href":"http:\/\/875jahrekirchgoens.de\/index.php?rest_route=\/wp\/v2\/posts\/14416\/revisions"}],"predecessor-version":[{"id":14418,"href":"http:\/\/875jahrekirchgoens.de\/index.php?rest_route=\/wp\/v2\/posts\/14416\/revisions\/14418"}],"wp:attachment":[{"href":"http:\/\/875jahrekirchgoens.de\/index.php?rest_route=%2Fwp%2Fv2%2Fmedia&parent=14416"}],"wp:term":[{"taxonomy":"category","embeddable":true,"href":"http:\/\/875jahrekirchgoens.de\/index.php?rest_route=%2Fwp%2Fv2%2Fcategories&post=14416"},{"taxonomy":"post_tag","embeddable":true,"href":"http:\/\/875jahrekirchgoens.de\/index.php?rest_route=%2Fwp%2Fv2%2Ftags&post=14416"}],"curies":[{"name":"wp","href":"https:\/\/api.w.org\/{rel}","templated":true}]}}