{"id":14420,"date":"2016-01-08T11:43:00","date_gmt":"2016-01-08T11:43:00","guid":{"rendered":"http:\/\/875jahrekirchgoens.de\/?p=14420"},"modified":"2024-01-20T11:45:44","modified_gmt":"2024-01-20T11:45:44","slug":"zur-feier-des-tv-kirch-pohl-goens-waren-auch-fluechtlinge-eingeladen","status":"publish","type":"post","link":"http:\/\/875jahrekirchgoens.de\/?p=14420","title":{"rendered":"Zur Feier des TV Kirch-\/Pohl-G\u00f6ns waren auch Fl\u00fcchtlinge eingeladen"},"content":{"rendered":"\n<p>Der TV Kirch-G\u00f6ns und der TV Pohl-G\u00f6ns feierten versp\u00e4tet die Nikolausfeier in der Mehrzweckhalle zwischen den Orten, da seit Oktober die Trainingshalle den Turnvereinen nicht mehr zur Verf\u00fcgung steht. Eingeladen wurden auch die neuen Bewohner der umfunktionierten Halle, die vor dem Krieg in Syrien, Afghanistan und dem Irak geflohen sind. Die gut besuchte Mehrzweckhalle war somit um 30 Erwachsene und um 20 Kindern reicher. Begr\u00fc\u00dft wurden alle G\u00e4ste von den Vorsitzenden der Vereine, Thorsten Metz und J\u00fcrgen Ratz. Alle Zuschauer verfolgten begeistert das von den Turnvereinen gebotene bunte Programm und belohnten die Akteure mit viel Applaus. Viel M\u00fche gaben sich die Kinder, die unter dem Motto Zirkus ihr K\u00f6nnen zeigten. Unter der Leitung von Katharina Maa\u00df und Jan Gehling, dem neuen \u00dcbungsleiter der Mutter- und Kind-Gruppe, zeigten die Kleinsten in ihren Zirkuskost\u00fcmen, was sie schon alles gelernt hatten. Pl\u00f6tzlich wurde es in der Halle dunkel; mit einer sch\u00f6nen Lichtershow im Neonlicht bezauberte die Turngruppe das Publikum. Einstudiert wurde das sch\u00f6ne Programm von den \u00dcbungsleitern Sarah Schallau und Angelika R\u00fchl. Bestaunen konnte man die n\u00e4chste Turngruppe, die unter der Leitung von Monika Langsdorf, als Clowns das Publikum belustigte. Zirkusreif war auch der Auftritt der Akro-Kids, die mit Lara Koglin und Mia Kuhnert eine tolle Show ein\u00fcbten und eine super Leistung zeigten. Nach der St\u00e4rkungspause mit selbstgebackenen Kuchen und Torten, verspr\u00fchten die Sportakrobaten eine tolle Stimmung in der Mehrzweckhalle. Unter der Leitung von Martina Volk und Elena Buschmann traten die Sportakrobaten als letzter Programmpunkt auf. Die Hessenmeister und Hessischen-Vizemeister, zeigten unter rauschendem Beifall ihre K\u00fcnste, die sie 2015 bei s\u00e4mtlichen Auftritten, Wettk\u00e4mpfen, bei der Gala der Special Olympics und bei den Lokalbeitr\u00e4gen vom Feuerwerk der Turnkunst zum Besten gaben. Am Freitag, 8. Januar wird von den Sportakrobaten des TV Naila Buschmann beim Feuerwerk der Turnkunst in der Frankfurter Festhalle als Lokalbeitrag auftreten. Am 19. M\u00e4rz bei der Akademischen Feier, zum 125. Jubil\u00e4um des TV Kirch-G\u00f6ns werden die Sportakrobaten und die Turngruppe des TV erneut ihr K\u00f6nnen vortragen. Am Ende der Feier wurden alle anwesenden Kinder vom Nikolaus und vom Christkind beschenkt. Die beiden Turnvereine bedanken sich bei allen Sportlern und Helfern, durch die es eine gelungene Veranstaltung wurde.<\/p>\n\n\n\n<p>Quelle: Butzbacher Zeitung vom 8. Januar 2016<\/p>\n\n\n\n<figure class=\"wp-block-gallery has-nested-images columns-default is-cropped wp-block-gallery-1 is-layout-flex wp-block-gallery-is-layout-flex\">\n<figure class=\"wp-block-image size-large\"><img loading=\"lazy\" decoding=\"async\" width=\"126\" height=\"190\" data-id=\"14423\" src=\"http:\/\/875jahrekirchgoens.de\/wp-content\/uploads\/2024\/01\/Feier-TV-Bild3.png\" alt=\"\" class=\"wp-image-14423\"\/><\/figure>\n\n\n\n<figure class=\"wp-block-image size-large\"><img loading=\"lazy\" decoding=\"async\" width=\"182\" height=\"133\" data-id=\"14422\" src=\"http:\/\/875jahrekirchgoens.de\/wp-content\/uploads\/2024\/01\/Feier-TV-Bild1.png\" alt=\"\" class=\"wp-image-14422\"\/><\/figure>\n\n\n\n<figure class=\"wp-block-image size-large\"><img loading=\"lazy\" decoding=\"async\" width=\"173\" height=\"133\" data-id=\"14421\" src=\"http:\/\/875jahrekirchgoens.de\/wp-content\/uploads\/2024\/01\/Feier-TV-Bild2.png\" alt=\"\" class=\"wp-image-14421\"\/><\/figure>\n<\/figure>\n","protected":false},"excerpt":{"rendered":"<p>Der TV Kirch-G\u00f6ns und der TV Pohl-G\u00f6ns feierten versp\u00e4tet die Nikolausfeier in der Mehrzweckhalle zwischen den Orten, da seit Oktober die Trainingshalle den Turnvereinen nicht mehr zur Verf\u00fcgung steht. Eingeladen wurden auch die neuen Bewohner der umfunktionierten Halle, die vor dem Krieg in Syrien, Afghanistan und dem Irak geflohen sind. Die gut besuchte Mehrzweckhalle war &#8230; <a title=\"Zur Feier des TV Kirch-\/Pohl-G\u00f6ns waren auch Fl\u00fcchtlinge eingeladen\" class=\"read-more\" href=\"http:\/\/875jahrekirchgoens.de\/?p=14420\" aria-label=\"Mehr Informationen \u00fcber Zur Feier des TV Kirch-\/Pohl-G\u00f6ns waren auch Fl\u00fcchtlinge eingeladen\">Weiterlesen<\/a><\/p>\n","protected":false},"author":1,"featured_media":0,"comment_status":"closed","ping_status":"open","sticky":false,"template":"","format":"standard","meta":{"footnotes":""},"categories":[1],"tags":[],"class_list":["post-14420","post","type-post","status-publish","format-standard","hentry","category-infos"],"_links":{"self":[{"href":"http:\/\/875jahrekirchgoens.de\/index.php?rest_route=\/wp\/v2\/posts\/14420","targetHints":{"allow":["GET"]}}],"collection":[{"href":"http:\/\/875jahrekirchgoens.de\/index.php?rest_route=\/wp\/v2\/posts"}],"about":[{"href":"http:\/\/875jahrekirchgoens.de\/index.php?rest_route=\/wp\/v2\/types\/post"}],"author":[{"embeddable":true,"href":"http:\/\/875jahrekirchgoens.de\/index.php?rest_route=\/wp\/v2\/users\/1"}],"replies":[{"embeddable":true,"href":"http:\/\/875jahrekirchgoens.de\/index.php?rest_route=%2Fwp%2Fv2%2Fcomments&post=14420"}],"version-history":[{"count":1,"href":"http:\/\/875jahrekirchgoens.de\/index.php?rest_route=\/wp\/v2\/posts\/14420\/revisions"}],"predecessor-version":[{"id":14424,"href":"http:\/\/875jahrekirchgoens.de\/index.php?rest_route=\/wp\/v2\/posts\/14420\/revisions\/14424"}],"wp:attachment":[{"href":"http:\/\/875jahrekirchgoens.de\/index.php?rest_route=%2Fwp%2Fv2%2Fmedia&parent=14420"}],"wp:term":[{"taxonomy":"category","embeddable":true,"href":"http:\/\/875jahrekirchgoens.de\/index.php?rest_route=%2Fwp%2Fv2%2Fcategories&post=14420"},{"taxonomy":"post_tag","embeddable":true,"href":"http:\/\/875jahrekirchgoens.de\/index.php?rest_route=%2Fwp%2Fv2%2Ftags&post=14420"}],"curies":[{"name":"wp","href":"https:\/\/api.w.org\/{rel}","templated":true}]}}