{"id":14426,"date":"2016-01-19T11:47:00","date_gmt":"2016-01-19T11:47:00","guid":{"rendered":"http:\/\/875jahrekirchgoens.de\/?p=14426"},"modified":"2024-01-20T11:49:11","modified_gmt":"2024-01-20T11:49:11","slug":"kappenabend-in-kirch-goens-3","status":"publish","type":"post","link":"http:\/\/875jahrekirchgoens.de\/?p=14426","title":{"rendered":"Kappenabend in Kirch-G\u00f6ns"},"content":{"rendered":"\n<p>Am Samstag, 23. Januar wird die Kirch-Gonser Sch\u00fctzenhalle in eine bunte Narrhalla verwandelt und zahlreiche aktive N\u00e4rrinnen und Narrhalesen geben ihren Humor zum Besten. Erstmals veranstalten der Turnverein und der Sch\u00fctzenverein Kirch-G\u00f6ns ein gemeinsames Fastnachtstreiben. Schon seit vielen Wochen \u00fcben die Aktiven in verschiedenen Gruppen, um dem Publikum einen bunten Kappenabend zu pr\u00e4sentieren. B\u00fcttenredner lernen ihren Text auswendig, Showt\u00e4nzerrinnen und Showt\u00e4nzer bewegen sich zu rhythmischen Kl\u00e4ngen und probieren eindrucksvolle Darbietungen. Und das alles, um Applaus als Dankesch\u00f6n von den Zuschauern zu erhalten. Beginn der Veranstaltung ist um 19.71 Uhr. Neben den Hoingkm\u00e4nnern aus Ebersg\u00f6ns, einer M\u00e4nnertanzgruppe aus Leihgestern, einer jungen Damentanzgruppe und der Tanzgarde aus Pohl-G\u00f6ns stehen noch weitere H\u00f6hepunkte auf dem Programm. Die Tanzgruppe MIB Kirch-G\u00f6ns hat in dieser Kampagne wieder einen Leckerbissen einge\u00fcbt. Nat\u00fcrlich wird auch wieder die \u201eBest Kapp\u201c pr\u00e4miert. Auf den Sieger wartet ein Gutschein. F\u00fcr Stimmungsmusik sorgt die Ein-Mann-Kapelle Steffen Lughammer. Damit die K\u00fcche zu Hause kalt bleiben kann, gibt es am Abend der Kappensitzung Getr\u00e4nke und Speisen.<\/p>\n\n\n\n<p>Quelle und Bild: Butzbacher Zeitung vom 19. Januar 2016<\/p>\n\n\n\n<figure class=\"wp-block-image size-full\"><img loading=\"lazy\" decoding=\"async\" width=\"231\" height=\"147\" src=\"http:\/\/875jahrekirchgoens.de\/wp-content\/uploads\/2024\/01\/MIB-2016-Bild1.png\" alt=\"\" class=\"wp-image-14427\"\/><figcaption class=\"wp-element-caption\">Die Tanzformation Mibdance Kirch-G\u00f6ns \u00fcbt bereits seit mehreren Wochen f\u00fcr Ihren Auftritt<\/figcaption><\/figure>\n","protected":false},"excerpt":{"rendered":"<p>Am Samstag, 23. Januar wird die Kirch-Gonser Sch\u00fctzenhalle in eine bunte Narrhalla verwandelt und zahlreiche aktive N\u00e4rrinnen und Narrhalesen geben ihren Humor zum Besten. Erstmals veranstalten der Turnverein und der Sch\u00fctzenverein Kirch-G\u00f6ns ein gemeinsames Fastnachtstreiben. Schon seit vielen Wochen \u00fcben die Aktiven in verschiedenen Gruppen, um dem Publikum einen bunten Kappenabend zu pr\u00e4sentieren. B\u00fcttenredner lernen &#8230; <a title=\"Kappenabend in Kirch-G\u00f6ns\" class=\"read-more\" href=\"http:\/\/875jahrekirchgoens.de\/?p=14426\" aria-label=\"Mehr Informationen \u00fcber Kappenabend in Kirch-G\u00f6ns\">Weiterlesen<\/a><\/p>\n","protected":false},"author":1,"featured_media":0,"comment_status":"closed","ping_status":"open","sticky":false,"template":"","format":"standard","meta":{"footnotes":""},"categories":[1],"tags":[],"class_list":["post-14426","post","type-post","status-publish","format-standard","hentry","category-infos"],"_links":{"self":[{"href":"http:\/\/875jahrekirchgoens.de\/index.php?rest_route=\/wp\/v2\/posts\/14426","targetHints":{"allow":["GET"]}}],"collection":[{"href":"http:\/\/875jahrekirchgoens.de\/index.php?rest_route=\/wp\/v2\/posts"}],"about":[{"href":"http:\/\/875jahrekirchgoens.de\/index.php?rest_route=\/wp\/v2\/types\/post"}],"author":[{"embeddable":true,"href":"http:\/\/875jahrekirchgoens.de\/index.php?rest_route=\/wp\/v2\/users\/1"}],"replies":[{"embeddable":true,"href":"http:\/\/875jahrekirchgoens.de\/index.php?rest_route=%2Fwp%2Fv2%2Fcomments&post=14426"}],"version-history":[{"count":1,"href":"http:\/\/875jahrekirchgoens.de\/index.php?rest_route=\/wp\/v2\/posts\/14426\/revisions"}],"predecessor-version":[{"id":14428,"href":"http:\/\/875jahrekirchgoens.de\/index.php?rest_route=\/wp\/v2\/posts\/14426\/revisions\/14428"}],"wp:attachment":[{"href":"http:\/\/875jahrekirchgoens.de\/index.php?rest_route=%2Fwp%2Fv2%2Fmedia&parent=14426"}],"wp:term":[{"taxonomy":"category","embeddable":true,"href":"http:\/\/875jahrekirchgoens.de\/index.php?rest_route=%2Fwp%2Fv2%2Fcategories&post=14426"},{"taxonomy":"post_tag","embeddable":true,"href":"http:\/\/875jahrekirchgoens.de\/index.php?rest_route=%2Fwp%2Fv2%2Ftags&post=14426"}],"curies":[{"name":"wp","href":"https:\/\/api.w.org\/{rel}","templated":true}]}}