{"id":14440,"date":"2016-03-02T11:58:00","date_gmt":"2016-03-02T11:58:00","guid":{"rendered":"http:\/\/875jahrekirchgoens.de\/?p=14440"},"modified":"2024-01-20T11:59:02","modified_gmt":"2024-01-20T11:59:02","slug":"akademische-feier-zum-125-geburtstag-des-tv","status":"publish","type":"post","link":"http:\/\/875jahrekirchgoens.de\/?p=14440","title":{"rendered":"Akademische Feier zum 125. Geburtstag des TV"},"content":{"rendered":"\n<p>In diesem Jahr blickt der Turnverein Vorw\u00e4rts 1891 Kirch-G\u00f6ns auf eine sehr erfolgreiche 125j\u00e4hrige Geschichte zur\u00fcck. Erster H\u00f6hepunkt der Jubil\u00e4umsfeierlichkeiten ist die akademische Feier des Vereins am Samstag, 19. M\u00e4rz in der Mehrzweckhalle Kirch-\/Pohl-G\u00f6ns. Bereits um 14.00 Uhr wird der Vorstand des TV auf dem Kirch-G\u00f6nser Friedhof seiner verstorbenen Mitglieder gedenken. Angeh\u00f6rige sind hierzu herzlich willkommen. Um 16.00 Uhr er\u00f6ffnen dann in der Mehrzweckhalle Carolin Ratz und Florian Ilge die akademische Feier mit einer musikalischen Darbietung. Ansprachen des 1. Vorsitzenden, von Landrat Joachim Arnold und B\u00fcrgermeister Merle folgen. Das weitere Programm bietet Interviews, Ehrungen, Lieder des Gesangvereins Kirch-G\u00f6ns und sportliche Darbietungen. Der Zeitrahmen der akademischen Feier ist auf zweieinhalb Stunden festgesetzt. Ehreng\u00e4ste, Vertreter von Vereinen und Sportvorst\u00e4nden werden Gru\u00dfworte \u00fcbermitteln. Alle Freunde, G\u00f6nner und Vereinsmitglieder des Turnvereins sowie die interessierte Bev\u00f6lkerung aus nah und fern sind zur akademischen Feier eingeladen. Vorgestellt wird auch die zum Vereinsjubil\u00e4um erstellte Chronik des TV, die an dem Nachmittag k\u00e4uflich erworben werden kann.<\/p>\n\n\n\n<p>Quelle: Butzbacher Zeitung vom 2. M\u00e4rz 2016, Bild: TV Kirch-G\u00f6ns<\/p>\n\n\n\n<figure class=\"wp-block-image size-large\"><img loading=\"lazy\" decoding=\"async\" width=\"1024\" height=\"556\" src=\"http:\/\/875jahrekirchgoens.de\/wp-content\/uploads\/2024\/01\/125-Bild1-1024x556.jpg\" alt=\"\" class=\"wp-image-14439\" srcset=\"http:\/\/875jahrekirchgoens.de\/wp-content\/uploads\/2024\/01\/125-Bild1-1024x556.jpg 1024w, http:\/\/875jahrekirchgoens.de\/wp-content\/uploads\/2024\/01\/125-Bild1-300x163.jpg 300w, http:\/\/875jahrekirchgoens.de\/wp-content\/uploads\/2024\/01\/125-Bild1-768x417.jpg 768w, http:\/\/875jahrekirchgoens.de\/wp-content\/uploads\/2024\/01\/125-Bild1.jpg 1302w\" sizes=\"auto, (max-width: 1024px) 100vw, 1024px\" \/><figcaption class=\"wp-element-caption\">Der Vorstand des Turnvereins Vorw\u00e4rts 1891 Kirch-G\u00f6ns freut sich auf viele Besucher bei seiner akademischen Feier zum 125-j\u00e4hrigen Vereinsjubil\u00e4um am 19. M\u00e4rz in der Mehrzweckhalle Kirch-\/Pohl-G\u00f6ns.<\/figcaption><\/figure>\n","protected":false},"excerpt":{"rendered":"<p>In diesem Jahr blickt der Turnverein Vorw\u00e4rts 1891 Kirch-G\u00f6ns auf eine sehr erfolgreiche 125j\u00e4hrige Geschichte zur\u00fcck. Erster H\u00f6hepunkt der Jubil\u00e4umsfeierlichkeiten ist die akademische Feier des Vereins am Samstag, 19. M\u00e4rz in der Mehrzweckhalle Kirch-\/Pohl-G\u00f6ns. Bereits um 14.00 Uhr wird der Vorstand des TV auf dem Kirch-G\u00f6nser Friedhof seiner verstorbenen Mitglieder gedenken. Angeh\u00f6rige sind hierzu herzlich &#8230; <a title=\"Akademische Feier zum 125. Geburtstag des TV\" class=\"read-more\" href=\"http:\/\/875jahrekirchgoens.de\/?p=14440\" aria-label=\"Mehr Informationen \u00fcber Akademische Feier zum 125. Geburtstag des TV\">Weiterlesen<\/a><\/p>\n","protected":false},"author":1,"featured_media":0,"comment_status":"closed","ping_status":"open","sticky":false,"template":"","format":"standard","meta":{"footnotes":""},"categories":[1],"tags":[],"class_list":["post-14440","post","type-post","status-publish","format-standard","hentry","category-infos"],"_links":{"self":[{"href":"http:\/\/875jahrekirchgoens.de\/index.php?rest_route=\/wp\/v2\/posts\/14440","targetHints":{"allow":["GET"]}}],"collection":[{"href":"http:\/\/875jahrekirchgoens.de\/index.php?rest_route=\/wp\/v2\/posts"}],"about":[{"href":"http:\/\/875jahrekirchgoens.de\/index.php?rest_route=\/wp\/v2\/types\/post"}],"author":[{"embeddable":true,"href":"http:\/\/875jahrekirchgoens.de\/index.php?rest_route=\/wp\/v2\/users\/1"}],"replies":[{"embeddable":true,"href":"http:\/\/875jahrekirchgoens.de\/index.php?rest_route=%2Fwp%2Fv2%2Fcomments&post=14440"}],"version-history":[{"count":1,"href":"http:\/\/875jahrekirchgoens.de\/index.php?rest_route=\/wp\/v2\/posts\/14440\/revisions"}],"predecessor-version":[{"id":14441,"href":"http:\/\/875jahrekirchgoens.de\/index.php?rest_route=\/wp\/v2\/posts\/14440\/revisions\/14441"}],"wp:attachment":[{"href":"http:\/\/875jahrekirchgoens.de\/index.php?rest_route=%2Fwp%2Fv2%2Fmedia&parent=14440"}],"wp:term":[{"taxonomy":"category","embeddable":true,"href":"http:\/\/875jahrekirchgoens.de\/index.php?rest_route=%2Fwp%2Fv2%2Fcategories&post=14440"},{"taxonomy":"post_tag","embeddable":true,"href":"http:\/\/875jahrekirchgoens.de\/index.php?rest_route=%2Fwp%2Fv2%2Ftags&post=14440"}],"curies":[{"name":"wp","href":"https:\/\/api.w.org\/{rel}","templated":true}]}}