{"id":14443,"date":"2016-03-17T12:00:00","date_gmt":"2016-03-17T12:00:00","guid":{"rendered":"http:\/\/875jahrekirchgoens.de\/?p=14443"},"modified":"2024-01-20T12:02:01","modified_gmt":"2024-01-20T12:02:01","slug":"tv-kirch-goens-feiert-125-jahre-vereinsgruendung","status":"publish","type":"post","link":"http:\/\/875jahrekirchgoens.de\/?p=14443","title":{"rendered":"TV Kirch-G\u00f6ns feiert 125 Jahre Vereinsgr\u00fcndung"},"content":{"rendered":"\n<p>Der Turnverein Vorw\u00e4rts 1891 Kirch-G\u00f6ns erinnert am Samstag, 19. M\u00e4rz, ab 16.00 Uhr in der Mehrzweckhalle Kirch-\/Pohl-G\u00f6ns an seine Gr\u00fcndung vor 125 Jahren mit einer akademischen Feier. Bereits um 14.00 Uhr wird der Vereinsvorstand auf dem Kirch\u00adG\u00f6nser Friedhof der verstorbenen Mitglieder gedenken.&nbsp;Ab 16.00 Uhr beginnt die Kommersveranstaltung mit einer musikalischen Darbietung von Carolin Ratz und Florian Ilge. Gru\u00dfworte des 1. Vorsitzenden Thorsten Metz und Ehreng\u00e4sten, Ehrungen, Interviews zur Bedeutung von Sportvereinen unter anderem mit langj\u00e4hrigen Vereinsmitgliedern, Liedvortr\u00e4gen des Gesangvereins Kirch-G\u00f6ns sowie interessante sportliche Darbietungen sorgen f\u00fcr Unterhalteng der Besucher der akademischen Feier. Der Zeitrahmen der Feierstunde ist auf rund zweieinhalb Stunden festgesetzt worden.<\/p>\n\n\n\n<p>Neben Ehreng\u00e4sten aus Politik und Wirtschaft begr\u00fc\u00dft der Jubil\u00e4umsverein auch \u00f6rtliche Vereinsvertreter sowie Funktion\u00e4re verschiedener Sportverb\u00e4nde. Alle Vereinsmitglieder, Freunde und G\u00f6nner sind zur Feier herzlich eingeladen. Durch das Programm f\u00fchrt Stefan Euler.\u00a0Auf der akademischen Feier wird auch eine Steintafel in Form des Turnverein-Logos in den Vereinsfarben rot-wei\u00df vorgestellt. Sie wurde anl\u00e4sslich des 125j\u00e4hrigen Jubil\u00e4ums von der Firma Glaum Natursteindesign in Gambach dem Turnverein gespendet. Die Tafel wird sp\u00e4ter einen Platz im Sportlerheim Kirch-G\u00f6ns finden. Als H\u00f6hepunkt er akademischen Feier wird als deren Abschluss die extra f\u00fcr das Jubil\u00e4um erstellte Vereinschronik zum Verkauf angeboten.<\/p>\n\n\n\n<p>Quelle: Butzbacher Zeitung vom 17. M\u00e4rz 2016, Bild: TV Kirch-G\u00f6ns<\/p>\n\n\n\n<figure class=\"wp-block-image size-full\"><img loading=\"lazy\" decoding=\"async\" width=\"619\" height=\"825\" src=\"http:\/\/875jahrekirchgoens.de\/wp-content\/uploads\/2024\/01\/125-Gruendung-Bild1.jpg\" alt=\"\" class=\"wp-image-14444\" srcset=\"http:\/\/875jahrekirchgoens.de\/wp-content\/uploads\/2024\/01\/125-Gruendung-Bild1.jpg 619w, http:\/\/875jahrekirchgoens.de\/wp-content\/uploads\/2024\/01\/125-Gruendung-Bild1-225x300.jpg 225w\" sizes=\"auto, (max-width: 619px) 100vw, 619px\" \/><figcaption class=\"wp-element-caption\">Eine Steintafel mit dem Vereinslogo des Turnverein Vorw\u00e4rts 1891 Kirch-G\u00f6ns \u00fcbergab Gesch\u00e4ftsf\u00fchrer der Gambacher Firma Glaum Natursteindesign Sven Glaum (r.) an den 1. Vorsitzenden Thorsten Metz<\/figcaption><\/figure>\n","protected":false},"excerpt":{"rendered":"<p>Der Turnverein Vorw\u00e4rts 1891 Kirch-G\u00f6ns erinnert am Samstag, 19. M\u00e4rz, ab 16.00 Uhr in der Mehrzweckhalle Kirch-\/Pohl-G\u00f6ns an seine Gr\u00fcndung vor 125 Jahren mit einer akademischen Feier. Bereits um 14.00 Uhr wird der Vereinsvorstand auf dem Kirch\u00adG\u00f6nser Friedhof der verstorbenen Mitglieder gedenken.&nbsp;Ab 16.00 Uhr beginnt die Kommersveranstaltung mit einer musikalischen Darbietung von Carolin Ratz und &#8230; <a title=\"TV Kirch-G\u00f6ns feiert 125 Jahre Vereinsgr\u00fcndung\" class=\"read-more\" href=\"http:\/\/875jahrekirchgoens.de\/?p=14443\" aria-label=\"Mehr Informationen \u00fcber TV Kirch-G\u00f6ns feiert 125 Jahre Vereinsgr\u00fcndung\">Weiterlesen<\/a><\/p>\n","protected":false},"author":1,"featured_media":0,"comment_status":"closed","ping_status":"open","sticky":false,"template":"","format":"standard","meta":{"footnotes":""},"categories":[1],"tags":[],"class_list":["post-14443","post","type-post","status-publish","format-standard","hentry","category-infos"],"_links":{"self":[{"href":"http:\/\/875jahrekirchgoens.de\/index.php?rest_route=\/wp\/v2\/posts\/14443","targetHints":{"allow":["GET"]}}],"collection":[{"href":"http:\/\/875jahrekirchgoens.de\/index.php?rest_route=\/wp\/v2\/posts"}],"about":[{"href":"http:\/\/875jahrekirchgoens.de\/index.php?rest_route=\/wp\/v2\/types\/post"}],"author":[{"embeddable":true,"href":"http:\/\/875jahrekirchgoens.de\/index.php?rest_route=\/wp\/v2\/users\/1"}],"replies":[{"embeddable":true,"href":"http:\/\/875jahrekirchgoens.de\/index.php?rest_route=%2Fwp%2Fv2%2Fcomments&post=14443"}],"version-history":[{"count":1,"href":"http:\/\/875jahrekirchgoens.de\/index.php?rest_route=\/wp\/v2\/posts\/14443\/revisions"}],"predecessor-version":[{"id":14445,"href":"http:\/\/875jahrekirchgoens.de\/index.php?rest_route=\/wp\/v2\/posts\/14443\/revisions\/14445"}],"wp:attachment":[{"href":"http:\/\/875jahrekirchgoens.de\/index.php?rest_route=%2Fwp%2Fv2%2Fmedia&parent=14443"}],"wp:term":[{"taxonomy":"category","embeddable":true,"href":"http:\/\/875jahrekirchgoens.de\/index.php?rest_route=%2Fwp%2Fv2%2Fcategories&post=14443"},{"taxonomy":"post_tag","embeddable":true,"href":"http:\/\/875jahrekirchgoens.de\/index.php?rest_route=%2Fwp%2Fv2%2Ftags&post=14443"}],"curies":[{"name":"wp","href":"https:\/\/api.w.org\/{rel}","templated":true}]}}