{"id":14447,"date":"2016-03-23T12:03:00","date_gmt":"2016-03-23T12:03:00","guid":{"rendered":"http:\/\/875jahrekirchgoens.de\/?p=14447"},"modified":"2024-01-20T12:04:44","modified_gmt":"2024-01-20T12:04:44","slug":"totenehrung-zum-125jaehrigen-jubilaeum","status":"publish","type":"post","link":"http:\/\/875jahrekirchgoens.de\/?p=14447","title":{"rendered":"Totenehrung zum 125j\u00e4hrigen Jubil\u00e4um"},"content":{"rendered":"\n<p>Anl\u00e4sslich des 125-j\u00e4hrigen Jubil\u00e4ums des Turnverein Vorw\u00e4rts 1891 Kirch-G\u00f6ns e. V. fand am Samstag eine Totenehrung auf dem Friedhof statt. Gedacht wurde aller gefallener TV-Mitglieder aus dem 1. und 2. Weltkrieg, aller verstorbenen Vorstandsmitglieder des Turnvereins, der SG Kirch\u00b7\/ Pohl-G\u00f6ns sowie der HSG Kirch-\/Pohl-G\u00f6ns\/Butzbach und aller Mitglieder des Turnverein Kirch-G\u00f6ns. F\u00fcr den erkrankten Pfarrer William Thum hielt Dieter Meier; Vorsitzender des Kirch-G\u00f6nser Kirchenvorstandes, eine kurze Ansprache. Anschlie\u00dfend hielt der 1. Vorsitzende Thorsten Metz eine Gedenkrede. Im Anschluss daran legte er zusammen mit dem 2. Vorsitzenden Torsten Klein bei musikalischer Unterst\u00fctzung durch Frank Mader und Michael Thate einen Ehrenkranz nieder.<\/p>\n\n\n\n<p>Quelle: Butzbacher Zeitung vom 23. M\u00e4rz 2016, Bild: TV Kirch-G\u00f6ns<\/p>\n\n\n\n<figure class=\"wp-block-image size-full\"><img loading=\"lazy\" decoding=\"async\" width=\"290\" height=\"193\" src=\"http:\/\/875jahrekirchgoens.de\/wp-content\/uploads\/2024\/01\/125-Verstorbene-Bild1.jpg\" alt=\"\" class=\"wp-image-14448\"\/><\/figure>\n","protected":false},"excerpt":{"rendered":"<p>Anl\u00e4sslich des 125-j\u00e4hrigen Jubil\u00e4ums des Turnverein Vorw\u00e4rts 1891 Kirch-G\u00f6ns e. V. fand am Samstag eine Totenehrung auf dem Friedhof statt. Gedacht wurde aller gefallener TV-Mitglieder aus dem 1. und 2. Weltkrieg, aller verstorbenen Vorstandsmitglieder des Turnvereins, der SG Kirch\u00b7\/ Pohl-G\u00f6ns sowie der HSG Kirch-\/Pohl-G\u00f6ns\/Butzbach und aller Mitglieder des Turnverein Kirch-G\u00f6ns. F\u00fcr den erkrankten Pfarrer William &#8230; <a title=\"Totenehrung zum 125j\u00e4hrigen Jubil\u00e4um\" class=\"read-more\" href=\"http:\/\/875jahrekirchgoens.de\/?p=14447\" aria-label=\"Mehr Informationen \u00fcber Totenehrung zum 125j\u00e4hrigen Jubil\u00e4um\">Weiterlesen<\/a><\/p>\n","protected":false},"author":1,"featured_media":0,"comment_status":"closed","ping_status":"open","sticky":false,"template":"","format":"standard","meta":{"footnotes":""},"categories":[1],"tags":[],"class_list":["post-14447","post","type-post","status-publish","format-standard","hentry","category-infos"],"_links":{"self":[{"href":"http:\/\/875jahrekirchgoens.de\/index.php?rest_route=\/wp\/v2\/posts\/14447","targetHints":{"allow":["GET"]}}],"collection":[{"href":"http:\/\/875jahrekirchgoens.de\/index.php?rest_route=\/wp\/v2\/posts"}],"about":[{"href":"http:\/\/875jahrekirchgoens.de\/index.php?rest_route=\/wp\/v2\/types\/post"}],"author":[{"embeddable":true,"href":"http:\/\/875jahrekirchgoens.de\/index.php?rest_route=\/wp\/v2\/users\/1"}],"replies":[{"embeddable":true,"href":"http:\/\/875jahrekirchgoens.de\/index.php?rest_route=%2Fwp%2Fv2%2Fcomments&post=14447"}],"version-history":[{"count":1,"href":"http:\/\/875jahrekirchgoens.de\/index.php?rest_route=\/wp\/v2\/posts\/14447\/revisions"}],"predecessor-version":[{"id":14449,"href":"http:\/\/875jahrekirchgoens.de\/index.php?rest_route=\/wp\/v2\/posts\/14447\/revisions\/14449"}],"wp:attachment":[{"href":"http:\/\/875jahrekirchgoens.de\/index.php?rest_route=%2Fwp%2Fv2%2Fmedia&parent=14447"}],"wp:term":[{"taxonomy":"category","embeddable":true,"href":"http:\/\/875jahrekirchgoens.de\/index.php?rest_route=%2Fwp%2Fv2%2Fcategories&post=14447"},{"taxonomy":"post_tag","embeddable":true,"href":"http:\/\/875jahrekirchgoens.de\/index.php?rest_route=%2Fwp%2Fv2%2Ftags&post=14447"}],"curies":[{"name":"wp","href":"https:\/\/api.w.org\/{rel}","templated":true}]}}