{"id":14451,"date":"2023-05-02T12:13:00","date_gmt":"2023-05-02T12:13:00","guid":{"rendered":"http:\/\/875jahrekirchgoens.de\/?p=14451"},"modified":"2024-01-20T12:15:25","modified_gmt":"2024-01-20T12:15:25","slug":"grosser-ehrungsreigen-beim-tv-kirch-goens","status":"publish","type":"post","link":"http:\/\/875jahrekirchgoens.de\/?p=14451","title":{"rendered":"Gro\u00dfer Ehrungsreigen beim TV Kirch-G\u00f6ns"},"content":{"rendered":"\n<p><strong>Hauptversammlung schlecht besucht<\/strong><\/p>\n\n\n\n<p>(Mz.) in der diesj\u00e4hrigen Jahreshauptversammlung des Turnverein Vorw\u00e4rts 1891 Kirch-G\u00f6ns wurden vielen Ehrungen verdienter Mitglieder im Sportlerheim vorgenommen. Nach der Begr\u00fc\u00dfung erinnerte Vorsitzender Thorsten Metz die zweiundzwanzig Anwesenden an die verstorbenen Mitglieder J\u00fcrgen Wohlfahrt, Werner R\u00fchl, Herbert Alles und Gerhard Reinhard. Metz blickte auf ein pandemiebedingtes kurzweiliges Jahr zur\u00fcck. Ein Kinder-Tobetag, die Teilnahme am Ortspokalschie\u00dfen, eine Abordnung am Volkstrauertag und Teilnahme an dem Rewe-Gewinnspiel rundeten das Gesch\u00e4ftsjahr des Vorstandes neben den \u00dcbungseinheiten in den einzelnen Sparten ab. Die Abteilungen sind nach der Pandemie wieder aktiv und rege besucht. Besonderen Dank sprach Metz an das Orgateam f\u00fcr den letztj\u00e4hrigen Weihnachtsmarkt im Dorfmittelpunkt aus. In dem Bericht von Martin Calling (HSG Butzbach) wurden die Aktivit\u00e4ten geschildert. Der HSG-Vorstand trage w\u00f6chentlich daf\u00fcr, dass \u00fcber 200 Kinder und Jugendliche sowie 60 Aktive in den Trainingsstunden betreut werden. Der R\u00fcckblick im Bereich der M\u00e4nner- und Frauenmannschaften war wenig erbaulich, da die Aush\u00e4ngeschilder der HSG im m\u00e4nnlichen Aktivenbereich im Mittelfeld rangieren und die Erste-Damen-Mannschaft abgestiegen ist. Im Jugendbereich sind einige Meisterschaften in der Saison 2022\/23 zu verbuchen und man sei hier auf einem guten Weg.<\/p>\n\n\n\n<p>Aus der Turnabteilung berichtete Anne Beutel vom Eltern-Kind-Turnen f\u00fcr Kinder von 1 \u00bd &#8211; 3 Jahren unter der Leitung von Dennis Markworth und Pierre Huber. Dem Kinderturnen von Katharina Hankel und Julia Gallus. Judo findet mit Volker Auer immer samstags statt. Die Nachwuchs-Akrobaten werden von Lara Koglin und Carolina Volk betreut und Martina Volk trainiert die erfahrenen Sportakrobaten. Kindertanzen findet bei Bianca und Nea Drullmann immer montags statt. Der Abschluss des Sportjahres war die Nikolausfeier, die in 2022 nochmals separat pro Abteilung stattfand. Viele Erwachsene besuchen die Fitness- und Gymnastikgruppen unter Leitung von Sabine Koglin und Manfred Z\u00f6rb. Besonders das reichhaltige Angebot durch Ingeborg Festner bietet ein breites Spektrum auf dem Gebiet \u201eSport und Gesundheit\u201c. F\u00fcr die Tischtennis-Abteilung berichtet Kurt Hartig \u00fcber die Saisonleistungen. F\u00fcr die Freizeitsportabteilung berichtet Thorsten Metz in Vertretung von Tobias Cott \u00fcber die geselligen Aktivit\u00e4ten der Hobbyfu\u00dfballer. Den Kassenbericht des TV verlas Kristina Euler. Michael Tiedemann und Jens Metz best\u00e4tigten als Kassenpr\u00fcfer einwandfreies Arbeiten. Als neue Kassenpr\u00fcfer f\u00fcr 2023 und 2024 wurden Wilfried Cott und Andreas Diehl von der Versammlung gew\u00e4hlt.<\/p>\n\n\n\n<p>F\u00fcr 25j\u00e4hrige Mitgliedschaft wurden Renate Giehl-Provost, Stefan H\u00e4user, Sven Daniel, Andreas Diehl, Sabine Kr\u00e4ft, Gunther M\u00fcller, Michael Tiedemann, Frank Will und Ulrike Cott geehrt. Zu Ehrenmitgliedern ernannt wurden Reinhold D\u00f6rr, Walter Jung, Werner Hanack, Matthias St\u00f6hr, J\u00f6rg St\u00f6hr, Joachim Mack, Monika Gr\u00f6nke, Monika Schmidt und Elke Pschierer. F\u00fcr 60j\u00e4hrige Mitgliedschaft wurden Klaus Dieter Herbel, Helmut R\u00fchl und Helmut Hankel geehrt. F\u00fcr 70j\u00e4hrige Vereinszugeh\u00f6rigkeit wurde Heinz Sch\u00fcttke begl\u00fcckw\u00fcnscht. F\u00fcr zehnj\u00e4hrige Vorstandsarbeit wurde Uwe Hartmann mit einem Pr\u00e4sent bedacht. Kristina Euler wurde ebenfalls mit einem Blumenstrau\u00df und Gutschein f\u00fcr ihre buchhalterische T\u00e4tigkeit zum Weihnachtsmarkt von Michael Raschke \u00fcberrascht. Metz nannte die Termine f\u00fcr die Mai-Feier, Teilnahme am Festzug zur 1250 Jahrfeier der Stadt Butzbach, dem TV-Ausflug am 16. September zum D\u00fcrkheimer Wurstmarkt und die gemeinsame Nikolausfeier der Turnabteilung Anfang Dezember. Unter Punkt Verschiedenes bedauerten einige Mitglieder die schlecht besuchte Hauptversammlung und man sollte \u00fcberlegen, wie man wieder mehr Mitglieder zum Besuch der Jahreshauptversammlung aktivieren k\u00f6nne.<\/p>\n\n\n\n<p>Quelle und Bilder: TV Kirch-G\u00f6ns \/ 2. Mai 2023<\/p>\n\n\n\n<figure class=\"wp-block-gallery has-nested-images columns-default is-cropped wp-block-gallery-1 is-layout-flex wp-block-gallery-is-layout-flex\">\n<figure class=\"wp-block-image size-large\"><img loading=\"lazy\" decoding=\"async\" width=\"756\" height=\"485\" data-id=\"14454\" src=\"http:\/\/875jahrekirchgoens.de\/wp-content\/uploads\/2024\/01\/Ehrung-23-Bild1.jpg\" alt=\"\" class=\"wp-image-14454\" srcset=\"http:\/\/875jahrekirchgoens.de\/wp-content\/uploads\/2024\/01\/Ehrung-23-Bild1.jpg 756w, http:\/\/875jahrekirchgoens.de\/wp-content\/uploads\/2024\/01\/Ehrung-23-Bild1-300x192.jpg 300w\" sizes=\"auto, (max-width: 756px) 100vw, 756px\" \/><figcaption class=\"wp-element-caption\">Ehrung f\u00fcr 25j\u00e4hrige Vereinszugeh\u00f6rigkeit v. l. Kassiererin Kristina Euler, Ulrike Cott, Andreas Diehl, Frank Will, Gunther M\u00fcller und Vorsitzender Thorsten Metz. \n\n<\/figcaption><\/figure>\n\n\n\n<figure class=\"wp-block-image size-large\"><img loading=\"lazy\" decoding=\"async\" width=\"483\" height=\"429\" data-id=\"14453\" src=\"http:\/\/875jahrekirchgoens.de\/wp-content\/uploads\/2024\/01\/Ehrung-23-Bild3.jpg\" alt=\"\" class=\"wp-image-14453\" srcset=\"http:\/\/875jahrekirchgoens.de\/wp-content\/uploads\/2024\/01\/Ehrung-23-Bild3.jpg 483w, http:\/\/875jahrekirchgoens.de\/wp-content\/uploads\/2024\/01\/Ehrung-23-Bild3-300x266.jpg 300w\" sizes=\"auto, (max-width: 483px) 100vw, 483px\" \/><figcaption class=\"wp-element-caption\">Ehrung f\u00fcr 60j\u00e4hrige Vereinszugeh\u00f6rigkeit v. l. Kassiererin Kristina Euler, Klaus Dieter Herbel und 1. Vorsitzender Thorsten Metz<\/figcaption><\/figure>\n\n\n\n<figure class=\"wp-block-image size-large\"><img loading=\"lazy\" decoding=\"async\" width=\"751\" height=\"525\" data-id=\"14452\" src=\"http:\/\/875jahrekirchgoens.de\/wp-content\/uploads\/2024\/01\/Ehrung-23-Bild2.jpg\" alt=\"\" class=\"wp-image-14452\" srcset=\"http:\/\/875jahrekirchgoens.de\/wp-content\/uploads\/2024\/01\/Ehrung-23-Bild2.jpg 751w, http:\/\/875jahrekirchgoens.de\/wp-content\/uploads\/2024\/01\/Ehrung-23-Bild2-300x210.jpg 300w\" sizes=\"auto, (max-width: 751px) 100vw, 751px\" \/><figcaption class=\"wp-element-caption\">Ehrung f\u00fcr 40j\u00e4hrige Vereinszugeh\u00f6rigkeit v. l. Kassiererin Kristina Euler, Matthias St\u00f6hr, Werner Hanack und 1. Vorsitzender Thorsten Metz<\/figcaption><\/figure>\n<\/figure>\n","protected":false},"excerpt":{"rendered":"<p>Hauptversammlung schlecht besucht (Mz.) in der diesj\u00e4hrigen Jahreshauptversammlung des Turnverein Vorw\u00e4rts 1891 Kirch-G\u00f6ns wurden vielen Ehrungen verdienter Mitglieder im Sportlerheim vorgenommen. Nach der Begr\u00fc\u00dfung erinnerte Vorsitzender Thorsten Metz die zweiundzwanzig Anwesenden an die verstorbenen Mitglieder J\u00fcrgen Wohlfahrt, Werner R\u00fchl, Herbert Alles und Gerhard Reinhard. Metz blickte auf ein pandemiebedingtes kurzweiliges Jahr zur\u00fcck. Ein Kinder-Tobetag, die &#8230; <a title=\"Gro\u00dfer Ehrungsreigen beim TV Kirch-G\u00f6ns\" class=\"read-more\" href=\"http:\/\/875jahrekirchgoens.de\/?p=14451\" aria-label=\"Mehr Informationen \u00fcber Gro\u00dfer Ehrungsreigen beim TV Kirch-G\u00f6ns\">Weiterlesen<\/a><\/p>\n","protected":false},"author":1,"featured_media":0,"comment_status":"closed","ping_status":"open","sticky":false,"template":"","format":"standard","meta":{"footnotes":""},"categories":[1],"tags":[],"class_list":["post-14451","post","type-post","status-publish","format-standard","hentry","category-infos"],"_links":{"self":[{"href":"http:\/\/875jahrekirchgoens.de\/index.php?rest_route=\/wp\/v2\/posts\/14451","targetHints":{"allow":["GET"]}}],"collection":[{"href":"http:\/\/875jahrekirchgoens.de\/index.php?rest_route=\/wp\/v2\/posts"}],"about":[{"href":"http:\/\/875jahrekirchgoens.de\/index.php?rest_route=\/wp\/v2\/types\/post"}],"author":[{"embeddable":true,"href":"http:\/\/875jahrekirchgoens.de\/index.php?rest_route=\/wp\/v2\/users\/1"}],"replies":[{"embeddable":true,"href":"http:\/\/875jahrekirchgoens.de\/index.php?rest_route=%2Fwp%2Fv2%2Fcomments&post=14451"}],"version-history":[{"count":1,"href":"http:\/\/875jahrekirchgoens.de\/index.php?rest_route=\/wp\/v2\/posts\/14451\/revisions"}],"predecessor-version":[{"id":14455,"href":"http:\/\/875jahrekirchgoens.de\/index.php?rest_route=\/wp\/v2\/posts\/14451\/revisions\/14455"}],"wp:attachment":[{"href":"http:\/\/875jahrekirchgoens.de\/index.php?rest_route=%2Fwp%2Fv2%2Fmedia&parent=14451"}],"wp:term":[{"taxonomy":"category","embeddable":true,"href":"http:\/\/875jahrekirchgoens.de\/index.php?rest_route=%2Fwp%2Fv2%2Fcategories&post=14451"},{"taxonomy":"post_tag","embeddable":true,"href":"http:\/\/875jahrekirchgoens.de\/index.php?rest_route=%2Fwp%2Fv2%2Ftags&post=14451"}],"curies":[{"name":"wp","href":"https:\/\/api.w.org\/{rel}","templated":true}]}}