{"id":14457,"date":"2024-01-16T12:17:15","date_gmt":"2024-01-16T12:17:15","guid":{"rendered":"http:\/\/875jahrekirchgoens.de\/?p=14457"},"modified":"2024-01-20T12:30:45","modified_gmt":"2024-01-20T12:30:45","slug":"brandschuetzer-liessen-sich-bekochen","status":"publish","type":"post","link":"http:\/\/875jahrekirchgoens.de\/?p=14457","title":{"rendered":"Brandsch\u00fctzer lie\u00dfen sich bekochen"},"content":{"rendered":"\n<p>Als Anerkennung f\u00fcr die geleistete Arbeit im letzten Jahr, folgten am Samstagabend zahlreiche aktive Feuerwehrleute aus Kirch\u2013 und Pohl-G\u00f6ns der Einladung der M\u00e4nnerkochgruppe der evangelischen Kirchengemeinde Kirch-\/Pohl-G\u00f6ns zu einem Dankesessen in das evangelische Gemeindehaus Kirch-G\u00f6ns. Die M\u00e4nnerkochrunde bereitete ein schmackhaftes Essen aus einer Vorspeisenauswahl \u00fcber das Hauptgericht &#8211; zartes Gulasch vom heimischen Wild mit Preiselbeersauce, Schweinefilet in Championsauce, H\u00e4hnchenbrust in Spinat \u2013 Frischk\u00e4sesauce oder vegetarischen Gem\u00fcsepuffer mit Kr\u00e4uterquark und als Beilagen Buttersp\u00e4tzle, Semmelkn\u00f6del, Apfelrotkraut und Mischgem\u00fcse zu. Nicht fehlen durfte auch zum Abschluss ein s\u00fc\u00dfes Dessert. Im Verlauf des Abends konnten sich die Feuerwehrleute u. a. bei einem Bilderquiz messen, bei welchem Sehensw\u00fcrdigkeiten aus beiden Stadtteilen erraten werden mussten. <\/p>\n\n\n\n<p>Quelle und Bilder: Eckart Z\u00f6ller \/ Pohl-G\u00f6ns \u2013 16.01.2024<\/p>\n\n\n\n<figure class=\"wp-block-gallery has-nested-images columns-default is-cropped wp-block-gallery-1 is-layout-flex wp-block-gallery-is-layout-flex\">\n<figure class=\"wp-block-image size-large\"><img loading=\"lazy\" decoding=\"async\" width=\"1024\" height=\"682\" data-id=\"14464\" src=\"http:\/\/875jahrekirchgoens.de\/wp-content\/uploads\/2024\/01\/IMG_0417_comp-1024x682.jpg\" alt=\"\" class=\"wp-image-14464\" srcset=\"http:\/\/875jahrekirchgoens.de\/wp-content\/uploads\/2024\/01\/IMG_0417_comp-1024x682.jpg 1024w, http:\/\/875jahrekirchgoens.de\/wp-content\/uploads\/2024\/01\/IMG_0417_comp-300x200.jpg 300w, http:\/\/875jahrekirchgoens.de\/wp-content\/uploads\/2024\/01\/IMG_0417_comp-768x512.jpg 768w, http:\/\/875jahrekirchgoens.de\/wp-content\/uploads\/2024\/01\/IMG_0417_comp.jpg 1280w\" sizes=\"auto, (max-width: 1024px) 100vw, 1024px\" \/><\/figure>\n\n\n\n<figure class=\"wp-block-image size-large\"><img loading=\"lazy\" decoding=\"async\" width=\"1024\" height=\"682\" data-id=\"14463\" src=\"http:\/\/875jahrekirchgoens.de\/wp-content\/uploads\/2024\/01\/IMG_0416_comp-1024x682.jpg\" alt=\"\" class=\"wp-image-14463\" srcset=\"http:\/\/875jahrekirchgoens.de\/wp-content\/uploads\/2024\/01\/IMG_0416_comp-1024x682.jpg 1024w, http:\/\/875jahrekirchgoens.de\/wp-content\/uploads\/2024\/01\/IMG_0416_comp-300x200.jpg 300w, http:\/\/875jahrekirchgoens.de\/wp-content\/uploads\/2024\/01\/IMG_0416_comp-768x512.jpg 768w, http:\/\/875jahrekirchgoens.de\/wp-content\/uploads\/2024\/01\/IMG_0416_comp.jpg 1280w\" sizes=\"auto, (max-width: 1024px) 100vw, 1024px\" \/><\/figure>\n\n\n\n<figure class=\"wp-block-image size-large\"><img loading=\"lazy\" decoding=\"async\" width=\"1024\" height=\"758\" data-id=\"14462\" src=\"http:\/\/875jahrekirchgoens.de\/wp-content\/uploads\/2024\/01\/IMG_0415_comp-1024x758.jpg\" alt=\"\" class=\"wp-image-14462\" srcset=\"http:\/\/875jahrekirchgoens.de\/wp-content\/uploads\/2024\/01\/IMG_0415_comp-1024x758.jpg 1024w, http:\/\/875jahrekirchgoens.de\/wp-content\/uploads\/2024\/01\/IMG_0415_comp-300x222.jpg 300w, http:\/\/875jahrekirchgoens.de\/wp-content\/uploads\/2024\/01\/IMG_0415_comp-768x568.jpg 768w, http:\/\/875jahrekirchgoens.de\/wp-content\/uploads\/2024\/01\/IMG_0415_comp.jpg 1153w\" sizes=\"auto, (max-width: 1024px) 100vw, 1024px\" \/><\/figure>\n\n\n\n<figure class=\"wp-block-image size-large\"><img loading=\"lazy\" decoding=\"async\" width=\"1024\" height=\"682\" data-id=\"14461\" src=\"http:\/\/875jahrekirchgoens.de\/wp-content\/uploads\/2024\/01\/IMG_0413_comp-1024x682.jpg\" alt=\"\" class=\"wp-image-14461\" srcset=\"http:\/\/875jahrekirchgoens.de\/wp-content\/uploads\/2024\/01\/IMG_0413_comp-1024x682.jpg 1024w, http:\/\/875jahrekirchgoens.de\/wp-content\/uploads\/2024\/01\/IMG_0413_comp-300x200.jpg 300w, http:\/\/875jahrekirchgoens.de\/wp-content\/uploads\/2024\/01\/IMG_0413_comp-768x512.jpg 768w, http:\/\/875jahrekirchgoens.de\/wp-content\/uploads\/2024\/01\/IMG_0413_comp.jpg 1280w\" sizes=\"auto, (max-width: 1024px) 100vw, 1024px\" \/><\/figure>\n\n\n\n<figure class=\"wp-block-image size-large\"><img loading=\"lazy\" decoding=\"async\" width=\"1024\" height=\"611\" data-id=\"14460\" src=\"http:\/\/875jahrekirchgoens.de\/wp-content\/uploads\/2024\/01\/IMG_0411_comp-1024x611.jpg\" alt=\"\" class=\"wp-image-14460\" srcset=\"http:\/\/875jahrekirchgoens.de\/wp-content\/uploads\/2024\/01\/IMG_0411_comp-1024x611.jpg 1024w, http:\/\/875jahrekirchgoens.de\/wp-content\/uploads\/2024\/01\/IMG_0411_comp-300x179.jpg 300w, http:\/\/875jahrekirchgoens.de\/wp-content\/uploads\/2024\/01\/IMG_0411_comp-768x458.jpg 768w, http:\/\/875jahrekirchgoens.de\/wp-content\/uploads\/2024\/01\/IMG_0411_comp.jpg 1280w\" sizes=\"auto, (max-width: 1024px) 100vw, 1024px\" \/><\/figure>\n\n\n\n<figure class=\"wp-block-image size-large\"><img loading=\"lazy\" decoding=\"async\" width=\"1024\" height=\"616\" data-id=\"14459\" src=\"http:\/\/875jahrekirchgoens.de\/wp-content\/uploads\/2024\/01\/IMG_0409_comp-1024x616.jpg\" alt=\"\" class=\"wp-image-14459\" srcset=\"http:\/\/875jahrekirchgoens.de\/wp-content\/uploads\/2024\/01\/IMG_0409_comp-1024x616.jpg 1024w, http:\/\/875jahrekirchgoens.de\/wp-content\/uploads\/2024\/01\/IMG_0409_comp-300x180.jpg 300w, http:\/\/875jahrekirchgoens.de\/wp-content\/uploads\/2024\/01\/IMG_0409_comp-768x462.jpg 768w, http:\/\/875jahrekirchgoens.de\/wp-content\/uploads\/2024\/01\/IMG_0409_comp.jpg 1280w\" sizes=\"auto, (max-width: 1024px) 100vw, 1024px\" \/><\/figure>\n\n\n\n<figure class=\"wp-block-image size-large\"><img loading=\"lazy\" decoding=\"async\" width=\"1024\" height=\"682\" data-id=\"14458\" src=\"http:\/\/875jahrekirchgoens.de\/wp-content\/uploads\/2024\/01\/IMG_0418_comp-1024x682.jpg\" alt=\"\" class=\"wp-image-14458\" srcset=\"http:\/\/875jahrekirchgoens.de\/wp-content\/uploads\/2024\/01\/IMG_0418_comp-1024x682.jpg 1024w, http:\/\/875jahrekirchgoens.de\/wp-content\/uploads\/2024\/01\/IMG_0418_comp-300x200.jpg 300w, http:\/\/875jahrekirchgoens.de\/wp-content\/uploads\/2024\/01\/IMG_0418_comp-768x512.jpg 768w, http:\/\/875jahrekirchgoens.de\/wp-content\/uploads\/2024\/01\/IMG_0418_comp.jpg 1280w\" sizes=\"auto, (max-width: 1024px) 100vw, 1024px\" \/><\/figure>\n<\/figure>\n","protected":false},"excerpt":{"rendered":"<p>Als Anerkennung f\u00fcr die geleistete Arbeit im letzten Jahr, folgten am Samstagabend zahlreiche aktive Feuerwehrleute aus Kirch\u2013 und Pohl-G\u00f6ns der Einladung der M\u00e4nnerkochgruppe der evangelischen Kirchengemeinde Kirch-\/Pohl-G\u00f6ns zu einem Dankesessen in das evangelische Gemeindehaus Kirch-G\u00f6ns. Die M\u00e4nnerkochrunde bereitete ein schmackhaftes Essen aus einer Vorspeisenauswahl \u00fcber das Hauptgericht &#8211; zartes Gulasch vom heimischen Wild mit Preiselbeersauce, &#8230; <a title=\"Brandsch\u00fctzer lie\u00dfen sich bekochen\" class=\"read-more\" href=\"http:\/\/875jahrekirchgoens.de\/?p=14457\" aria-label=\"Mehr Informationen \u00fcber Brandsch\u00fctzer lie\u00dfen sich bekochen\">Weiterlesen<\/a><\/p>\n","protected":false},"author":1,"featured_media":0,"comment_status":"closed","ping_status":"open","sticky":false,"template":"","format":"standard","meta":{"footnotes":""},"categories":[1],"tags":[],"class_list":["post-14457","post","type-post","status-publish","format-standard","hentry","category-infos"],"_links":{"self":[{"href":"http:\/\/875jahrekirchgoens.de\/index.php?rest_route=\/wp\/v2\/posts\/14457","targetHints":{"allow":["GET"]}}],"collection":[{"href":"http:\/\/875jahrekirchgoens.de\/index.php?rest_route=\/wp\/v2\/posts"}],"about":[{"href":"http:\/\/875jahrekirchgoens.de\/index.php?rest_route=\/wp\/v2\/types\/post"}],"author":[{"embeddable":true,"href":"http:\/\/875jahrekirchgoens.de\/index.php?rest_route=\/wp\/v2\/users\/1"}],"replies":[{"embeddable":true,"href":"http:\/\/875jahrekirchgoens.de\/index.php?rest_route=%2Fwp%2Fv2%2Fcomments&post=14457"}],"version-history":[{"count":1,"href":"http:\/\/875jahrekirchgoens.de\/index.php?rest_route=\/wp\/v2\/posts\/14457\/revisions"}],"predecessor-version":[{"id":14465,"href":"http:\/\/875jahrekirchgoens.de\/index.php?rest_route=\/wp\/v2\/posts\/14457\/revisions\/14465"}],"wp:attachment":[{"href":"http:\/\/875jahrekirchgoens.de\/index.php?rest_route=%2Fwp%2Fv2%2Fmedia&parent=14457"}],"wp:term":[{"taxonomy":"category","embeddable":true,"href":"http:\/\/875jahrekirchgoens.de\/index.php?rest_route=%2Fwp%2Fv2%2Fcategories&post=14457"},{"taxonomy":"post_tag","embeddable":true,"href":"http:\/\/875jahrekirchgoens.de\/index.php?rest_route=%2Fwp%2Fv2%2Ftags&post=14457"}],"curies":[{"name":"wp","href":"https:\/\/api.w.org\/{rel}","templated":true}]}}