{"id":14474,"date":"2024-01-21T10:17:55","date_gmt":"2024-01-21T10:17:55","guid":{"rendered":"http:\/\/875jahrekirchgoens.de\/?p=14474"},"modified":"2024-01-26T10:23:45","modified_gmt":"2024-01-26T10:23:45","slug":"gelungener-kappenabend-in-kirch-goens","status":"publish","type":"post","link":"http:\/\/875jahrekirchgoens.de\/?p=14474","title":{"rendered":"Gelungener Kappenabend in Kirch-G\u00f6ns"},"content":{"rendered":"\n<p><em>Neununddrei\u00dfig Mitwirkende zeigten ihr K\u00f6nnen<\/em><\/p>\n\n\n\n<p>(Mz.) Pr\u00e4chtige Stimmung herrschte in der bunt geschm\u00fcckten Sch\u00fctzenhalle am vergangenen Samstag in Kirch-G\u00f6ns. In der proppenvollen Narhalla wurde nach der Begr\u00fc\u00dfung der Vorsitzenden Gunther M\u00fcller und Thorsten Metz vom Sch\u00fctzen- und Turnverein die Moderation an Rolf Hillefeld \u00fcbergeben. Zum sechsten Male veranstalteten der SV und TV das Event im n\u00f6rdlichsten Stadtteil von Butzbach. Rolf Hillefeld f\u00fchrte gekonnt durch das Programm. Mit Fabio Schwenz folgte eine B\u00fcttenrede \u00fcber eine bevorstehende Operation, seinen zuk\u00fcnftigen immensen Geldregen und Bau eines Geldspeichers, der seine Schatten \u00fcber die Ortschaften werfen wird. Zum guten Schluss parodierte er \u00fcber das bevorstehende Schwenz-Imperium. Neuling im Programm war die Gro\u00dfe Garde aus Dornholzhausen. Sieben junge Damen, unter der Leitung von Isabell Hemmerle, zeigten in ihrem dreimin\u00fctigen Auftritt ein wahrhaft sch\u00f6nen Gardetanz. Mit dem Einmarsch der Schobbedales aus Leihgestern \u2013 unter der Leitung von Simone Riedl \u2013 erhitzte sich die Atmosph\u00e4re. Die in mexikanischen Kost\u00fcmen mit Sombrero und Poncho gekleideten K\u00fcnstler, feuerten die Anwesenden mit rhythmischen Bewegungen zu ihrem Tanz \u201eViva la Mexico\u201c an. Den dritten Tanz zeigten die Bierbauchhopser aus Bodenrod. Keine gestandene M\u00e4nnertanzgruppe, sondern neun jungen Damen pr\u00e4sentierten unter der Leitung von Gina Dei\u00df ihr Bestes. Die jungen Frauen, die bereits zum zweiten Male in Kirch-G\u00f6ns ihre Pr\u00e4senz zeigten, traten bei fetziger Techno-Musik in Minion-Kost\u00fcmen und Dreirad auf und brachten die Kirch-G\u00f6nser Narhalla ins Schwanken. Leider mussten die Ebersg\u00f6nser Hoingkm\u00e4nner krankheitsbedingt kurzfristig absagen. Es folgte die Pr\u00e4mierung der Besten Kapp. Die originellste \u201eKapp\u201c bei den Gruppen ging an die gro\u00dfe Garde des Fastnachtsverein Pohl-G\u00f6ns. Die siebzehn jungen Damen mit Medusa-Kopfschmuck freuten sich \u00fcber Getr\u00e4nkegutscheine. Die W\u00fcrdigung der besten Einzel-Kapp ging an Melanie Hankel die mit einem Bierkrughut die Jury \u00fcberzeugte und ebenfalls mit einem Getr\u00e4nkegutschein gew\u00fcrdigt wurde. Der letzte Showact geh\u00f6rte dem Lokalmatador. Die siebzehnk\u00f6pfigen Tanzformation \u201eMibdance\u201c \u00fcberzeugte mit einem Grimmschen M\u00e4rchen zu dem Thema \u201eSchneewittchen und die ca. 2 x 7 Zwerge\u201c mit einer tollen Parodie mit Schneewittchen, Prinz, menschlichem Spiegel, K\u00f6nigin und den vielen Zwergen. Nach dem von Tina und Lara Ceh einstudierten Auftritt folgte unter tosendem Applaus eine Zugabe mit dem Starauftritt von Peter Pan, in Person von Mario Wilhelm. Im Anschluss nahmen viele der G\u00e4ste an der Polon\u00e4se teil. Unter der Leitung von DJ Felix konnten die Besucher noch bis in den fr\u00fchen Morgenstunden ausgiebig das Faschingstreiben feiern.<\/p>\n\n\n\n<p>Bilder unten:<\/p>\n\n\n\n<p>Die Bierbauchhopser (o. l.) aus Bodenrod. B\u00fcttenredner Fabio Schwenz (o. m.), Gruppenbild Pr\u00e4mierung \u201eBest Kapp\u201c (o. r.) mit Moderator Rolf Hillefeld. Die Schobbedales aus Leihgestern (u. l.), Mibdance aus Kirch-G\u00f6ns (u. m.) und die Gardem\u00e4dchen aus Dornholzhausen (u.r.).<\/p>\n\n\n\n<figure class=\"wp-block-gallery has-nested-images columns-default is-cropped wp-block-gallery-1 is-layout-flex wp-block-gallery-is-layout-flex\">\n<figure class=\"wp-block-image size-large\"><img loading=\"lazy\" decoding=\"async\" width=\"683\" height=\"1024\" data-id=\"14479\" src=\"http:\/\/875jahrekirchgoens.de\/wp-content\/uploads\/2024\/01\/Kappenabend-20.01-14-683x1024.jpg\" alt=\"\" class=\"wp-image-14479\" srcset=\"http:\/\/875jahrekirchgoens.de\/wp-content\/uploads\/2024\/01\/Kappenabend-20.01-14-683x1024.jpg 683w, http:\/\/875jahrekirchgoens.de\/wp-content\/uploads\/2024\/01\/Kappenabend-20.01-14-200x300.jpg 200w, http:\/\/875jahrekirchgoens.de\/wp-content\/uploads\/2024\/01\/Kappenabend-20.01-14-768x1152.jpg 768w, http:\/\/875jahrekirchgoens.de\/wp-content\/uploads\/2024\/01\/Kappenabend-20.01-14-1024x1536.jpg 1024w, http:\/\/875jahrekirchgoens.de\/wp-content\/uploads\/2024\/01\/Kappenabend-20.01-14-1365x2048.jpg 1365w, http:\/\/875jahrekirchgoens.de\/wp-content\/uploads\/2024\/01\/Kappenabend-20.01-14-scaled.jpg 1707w\" sizes=\"auto, (max-width: 683px) 100vw, 683px\" \/><\/figure>\n\n\n\n<figure class=\"wp-block-image size-large\"><img loading=\"lazy\" decoding=\"async\" width=\"683\" height=\"1024\" data-id=\"14477\" src=\"http:\/\/875jahrekirchgoens.de\/wp-content\/uploads\/2024\/01\/Kappenabend-20.01-11-683x1024.jpg\" alt=\"\" class=\"wp-image-14477\" srcset=\"http:\/\/875jahrekirchgoens.de\/wp-content\/uploads\/2024\/01\/Kappenabend-20.01-11-683x1024.jpg 683w, http:\/\/875jahrekirchgoens.de\/wp-content\/uploads\/2024\/01\/Kappenabend-20.01-11-200x300.jpg 200w, http:\/\/875jahrekirchgoens.de\/wp-content\/uploads\/2024\/01\/Kappenabend-20.01-11-768x1152.jpg 768w, http:\/\/875jahrekirchgoens.de\/wp-content\/uploads\/2024\/01\/Kappenabend-20.01-11-1024x1536.jpg 1024w, http:\/\/875jahrekirchgoens.de\/wp-content\/uploads\/2024\/01\/Kappenabend-20.01-11-1365x2048.jpg 1365w, http:\/\/875jahrekirchgoens.de\/wp-content\/uploads\/2024\/01\/Kappenabend-20.01-11-scaled.jpg 1707w\" sizes=\"auto, (max-width: 683px) 100vw, 683px\" \/><\/figure>\n\n\n\n<figure class=\"wp-block-image size-large\"><img loading=\"lazy\" decoding=\"async\" width=\"1024\" height=\"566\" data-id=\"14480\" src=\"http:\/\/875jahrekirchgoens.de\/wp-content\/uploads\/2024\/01\/Kappenabend-20.01-15-Kopie-1024x566.jpg\" alt=\"\" class=\"wp-image-14480\" srcset=\"http:\/\/875jahrekirchgoens.de\/wp-content\/uploads\/2024\/01\/Kappenabend-20.01-15-Kopie-1024x566.jpg 1024w, http:\/\/875jahrekirchgoens.de\/wp-content\/uploads\/2024\/01\/Kappenabend-20.01-15-Kopie-300x166.jpg 300w, http:\/\/875jahrekirchgoens.de\/wp-content\/uploads\/2024\/01\/Kappenabend-20.01-15-Kopie-768x424.jpg 768w, http:\/\/875jahrekirchgoens.de\/wp-content\/uploads\/2024\/01\/Kappenabend-20.01-15-Kopie-1536x848.jpg 1536w, http:\/\/875jahrekirchgoens.de\/wp-content\/uploads\/2024\/01\/Kappenabend-20.01-15-Kopie-2048x1131.jpg 2048w\" sizes=\"auto, (max-width: 1024px) 100vw, 1024px\" \/><\/figure>\n\n\n\n<figure class=\"wp-block-image size-large\"><img loading=\"lazy\" decoding=\"async\" width=\"1024\" height=\"580\" data-id=\"14478\" src=\"http:\/\/875jahrekirchgoens.de\/wp-content\/uploads\/2024\/01\/Kappenabend-20.01-13-Kopie-1024x580.jpg\" alt=\"\" class=\"wp-image-14478\" srcset=\"http:\/\/875jahrekirchgoens.de\/wp-content\/uploads\/2024\/01\/Kappenabend-20.01-13-Kopie-1024x580.jpg 1024w, http:\/\/875jahrekirchgoens.de\/wp-content\/uploads\/2024\/01\/Kappenabend-20.01-13-Kopie-300x170.jpg 300w, http:\/\/875jahrekirchgoens.de\/wp-content\/uploads\/2024\/01\/Kappenabend-20.01-13-Kopie-768x435.jpg 768w, http:\/\/875jahrekirchgoens.de\/wp-content\/uploads\/2024\/01\/Kappenabend-20.01-13-Kopie-1536x870.jpg 1536w, http:\/\/875jahrekirchgoens.de\/wp-content\/uploads\/2024\/01\/Kappenabend-20.01-13-Kopie-2048x1160.jpg 2048w\" sizes=\"auto, (max-width: 1024px) 100vw, 1024px\" \/><\/figure>\n\n\n\n<figure class=\"wp-block-image size-large\"><img loading=\"lazy\" decoding=\"async\" width=\"1024\" height=\"552\" data-id=\"14476\" src=\"http:\/\/875jahrekirchgoens.de\/wp-content\/uploads\/2024\/01\/Kappenabend-20.01-10-Kopie-1024x552.jpg\" alt=\"\" class=\"wp-image-14476\" srcset=\"http:\/\/875jahrekirchgoens.de\/wp-content\/uploads\/2024\/01\/Kappenabend-20.01-10-Kopie-1024x552.jpg 1024w, http:\/\/875jahrekirchgoens.de\/wp-content\/uploads\/2024\/01\/Kappenabend-20.01-10-Kopie-300x162.jpg 300w, http:\/\/875jahrekirchgoens.de\/wp-content\/uploads\/2024\/01\/Kappenabend-20.01-10-Kopie-768x414.jpg 768w, http:\/\/875jahrekirchgoens.de\/wp-content\/uploads\/2024\/01\/Kappenabend-20.01-10-Kopie-1536x828.jpg 1536w, http:\/\/875jahrekirchgoens.de\/wp-content\/uploads\/2024\/01\/Kappenabend-20.01-10-Kopie-2048x1104.jpg 2048w\" sizes=\"auto, (max-width: 1024px) 100vw, 1024px\" \/><\/figure>\n\n\n\n<figure class=\"wp-block-image size-large\"><img loading=\"lazy\" decoding=\"async\" width=\"1024\" height=\"581\" data-id=\"14475\" src=\"http:\/\/875jahrekirchgoens.de\/wp-content\/uploads\/2024\/01\/Kappenabend-20.01-2-Kopie-1024x581.jpg\" alt=\"\" class=\"wp-image-14475\" srcset=\"http:\/\/875jahrekirchgoens.de\/wp-content\/uploads\/2024\/01\/Kappenabend-20.01-2-Kopie-1024x581.jpg 1024w, http:\/\/875jahrekirchgoens.de\/wp-content\/uploads\/2024\/01\/Kappenabend-20.01-2-Kopie-300x170.jpg 300w, http:\/\/875jahrekirchgoens.de\/wp-content\/uploads\/2024\/01\/Kappenabend-20.01-2-Kopie-768x435.jpg 768w, http:\/\/875jahrekirchgoens.de\/wp-content\/uploads\/2024\/01\/Kappenabend-20.01-2-Kopie-1536x871.jpg 1536w, http:\/\/875jahrekirchgoens.de\/wp-content\/uploads\/2024\/01\/Kappenabend-20.01-2-Kopie-2048x1161.jpg 2048w\" sizes=\"auto, (max-width: 1024px) 100vw, 1024px\" \/><\/figure>\n<\/figure>\n","protected":false},"excerpt":{"rendered":"<p>Neununddrei\u00dfig Mitwirkende zeigten ihr K\u00f6nnen (Mz.) Pr\u00e4chtige Stimmung herrschte in der bunt geschm\u00fcckten Sch\u00fctzenhalle am vergangenen Samstag in Kirch-G\u00f6ns. In der proppenvollen Narhalla wurde nach der Begr\u00fc\u00dfung der Vorsitzenden Gunther M\u00fcller und Thorsten Metz vom Sch\u00fctzen- und Turnverein die Moderation an Rolf Hillefeld \u00fcbergeben. Zum sechsten Male veranstalteten der SV und TV das Event im &#8230; <a title=\"Gelungener Kappenabend in Kirch-G\u00f6ns\" class=\"read-more\" href=\"http:\/\/875jahrekirchgoens.de\/?p=14474\" aria-label=\"Mehr Informationen \u00fcber Gelungener Kappenabend in Kirch-G\u00f6ns\">Weiterlesen<\/a><\/p>\n","protected":false},"author":1,"featured_media":0,"comment_status":"closed","ping_status":"open","sticky":false,"template":"","format":"standard","meta":{"footnotes":""},"categories":[1],"tags":[],"class_list":["post-14474","post","type-post","status-publish","format-standard","hentry","category-infos"],"_links":{"self":[{"href":"http:\/\/875jahrekirchgoens.de\/index.php?rest_route=\/wp\/v2\/posts\/14474","targetHints":{"allow":["GET"]}}],"collection":[{"href":"http:\/\/875jahrekirchgoens.de\/index.php?rest_route=\/wp\/v2\/posts"}],"about":[{"href":"http:\/\/875jahrekirchgoens.de\/index.php?rest_route=\/wp\/v2\/types\/post"}],"author":[{"embeddable":true,"href":"http:\/\/875jahrekirchgoens.de\/index.php?rest_route=\/wp\/v2\/users\/1"}],"replies":[{"embeddable":true,"href":"http:\/\/875jahrekirchgoens.de\/index.php?rest_route=%2Fwp%2Fv2%2Fcomments&post=14474"}],"version-history":[{"count":1,"href":"http:\/\/875jahrekirchgoens.de\/index.php?rest_route=\/wp\/v2\/posts\/14474\/revisions"}],"predecessor-version":[{"id":14481,"href":"http:\/\/875jahrekirchgoens.de\/index.php?rest_route=\/wp\/v2\/posts\/14474\/revisions\/14481"}],"wp:attachment":[{"href":"http:\/\/875jahrekirchgoens.de\/index.php?rest_route=%2Fwp%2Fv2%2Fmedia&parent=14474"}],"wp:term":[{"taxonomy":"category","embeddable":true,"href":"http:\/\/875jahrekirchgoens.de\/index.php?rest_route=%2Fwp%2Fv2%2Fcategories&post=14474"},{"taxonomy":"post_tag","embeddable":true,"href":"http:\/\/875jahrekirchgoens.de\/index.php?rest_route=%2Fwp%2Fv2%2Ftags&post=14474"}],"curies":[{"name":"wp","href":"https:\/\/api.w.org\/{rel}","templated":true}]}}