{"id":14484,"date":"2024-01-24T10:25:46","date_gmt":"2024-01-24T10:25:46","guid":{"rendered":"http:\/\/875jahrekirchgoens.de\/?p=14484"},"modified":"2024-01-26T10:26:56","modified_gmt":"2024-01-26T10:26:56","slug":"ein-zeitgenoessisches-dokument","status":"publish","type":"post","link":"http:\/\/875jahrekirchgoens.de\/?p=14484","title":{"rendered":"Ein zeitgen\u00f6ssisches Dokument \u2026"},"content":{"rendered":"\n<p>\u2026 aus vergangener Zeit wurde k\u00fcrzlich dem Chronik-Ausschuss der Kirch-G\u00f6nser Interessengemeinschaft \u00fcbergeben. Christian Mack aus Kirch-G\u00f6ns stellte ein Dokument aus dem Jahre 1931 zur Verf\u00fcgung. In der Hinterlassenschaft seiner Oma (Irmgard Beppler, geb. Ruth \u2013 Dorfname \u201eLiwwes-Gu\u00e9te\u201c) wurde die Ank\u00fcndigung zur Einweihung des Gefallenen-Ehrenmals der Gemeinde Kirch-G\u00f6ns entdeckt (siehe Bild). Die Fotographien des Ehrenmals auf dem Schriftst\u00fcck erfolgte durch den Fotograf B. Udler aus Butzbach. Gedruckt wurde das Dokument von der Buchdruckerei K. Schneider aus Butzbach. Das Krieger-Ehrenmal n\u00f6rdlich des alten Schulhauses wurde am Sonntag, 1. November 1931 eingeweiht. Beginn der Veranstaltung war nachmittags um 2 Uhr. Dem historischen Dokument ist der Ablauf der Zeremonie zu entnehmen. Es folgten vierzehn Programmpunkte mit dem Anfang des Festzuges unter Glockengel\u00e4ut nach dem Ehrenmal, der Musik \u201eRasch tritt der Tod den Menschen an\u201c und \u201eIch hab mich ergeben\u201c, der Enth\u00fcllung des Denkmals durch den Vertreter des Hochbauamts Friedberg und dem Pr\u00e4sentieren und Senken der Fahnen unter dem Geleit \u201eIch hatte einen Kameraden\u201c, Glockengel\u00e4ut und Ehrensalven. Unter Punkt vier erfolgt die \u00dcbergabe des Ehrenmals an die Gemeinde. Im Anschluss die \u00dcbernahme durch den B\u00fcrgermeister (Anton Hanack III. \/ Amtszeit von 1914 \u2013 1932) und Kranzniederlegung. Es folgte der Gesangverein \u201eGermania\u201c mit dem Lied \u201eDen gefallenen Helden\u201c. Danach eine Weiherede, Gedichtvortrag und Sprechchor. Der Gesangverein \u201eLiederkranz\u201c trug das Lied \u201eIn stiller Kammer ruht das Kind\u201c vor. Die Ansprache des Vertreters des hessischen Kreisamtes Friedberg folgte. Danach die Ansprache des Provinzialrabbiners, einer weiteren Kranzniederlegung, dem Auftritt des Gesangvereins \u201eGermania\u201c mit dem Lied \u201eDas Kreuzlein im Winde\u201c, dem Schlusswort und dem vierzehnten und letzten Programmpunkt mit dem Musikst\u00fcck-Titel \u201eNun Gottes Deutschland wache auf\u201c. Rechts und links neben dem Denkmal waren insgesamt 23 Tafeln von gefallenen und vermissten Soldaten des ersten Weltkrieges angebracht. Die Gedenkst\u00e4tte wurde 1960 von der Hauptstra\u00dfe auf den Kirch-G\u00f6nser Friedhof verlegt und dort am 12. November eingeweiht. In Kirch-G\u00f6ns sind 76 M\u00e4nner gefallen, vermisst oder durch Kriegseinwirkung gestorben. Die Namen sind der Gedenkst\u00e4tte des Ehrenmales am Kirch-G\u00f6nser Friedhof entnommen und beinhalten auch M\u00e4nner, deren Familien nach 1945 aus ihrer Heimat vertrieben wurden und in Kirch-G\u00f6ns wohnten. Das nun \u00fcbergebene Dokument zur Einweihung des Gefallenen-Ehrenmals wurde vom IG-Chronikausschuss gescannt und kann ab sofort unter <a href=\"http:\/\/www.875jahrekirchgoens.de\">www.875jahrekirchgoens.de<\/a> eingesehen werden.<\/p>\n\n\n\n<p>Bild: Christian Mack \/ Kirch-G\u00f6ns<\/p>\n\n\n\n<figure class=\"wp-block-image size-large\"><img loading=\"lazy\" decoding=\"async\" width=\"750\" height=\"1024\" src=\"http:\/\/875jahrekirchgoens.de\/wp-content\/uploads\/2024\/01\/Einweihung-Gefallenen-Ehrenmals-1931-750x1024.jpg\" alt=\"\" class=\"wp-image-14483\" srcset=\"http:\/\/875jahrekirchgoens.de\/wp-content\/uploads\/2024\/01\/Einweihung-Gefallenen-Ehrenmals-1931-750x1024.jpg 750w, http:\/\/875jahrekirchgoens.de\/wp-content\/uploads\/2024\/01\/Einweihung-Gefallenen-Ehrenmals-1931-220x300.jpg 220w, http:\/\/875jahrekirchgoens.de\/wp-content\/uploads\/2024\/01\/Einweihung-Gefallenen-Ehrenmals-1931-768x1049.jpg 768w, http:\/\/875jahrekirchgoens.de\/wp-content\/uploads\/2024\/01\/Einweihung-Gefallenen-Ehrenmals-1931-1125x1536.jpg 1125w, http:\/\/875jahrekirchgoens.de\/wp-content\/uploads\/2024\/01\/Einweihung-Gefallenen-Ehrenmals-1931-1500x2048.jpg 1500w, http:\/\/875jahrekirchgoens.de\/wp-content\/uploads\/2024\/01\/Einweihung-Gefallenen-Ehrenmals-1931-scaled.jpg 1875w\" sizes=\"auto, (max-width: 750px) 100vw, 750px\" \/><figcaption class=\"wp-element-caption\">Einweihung Gefallenen-Ehrenmals 1931<\/figcaption><\/figure>\n","protected":false},"excerpt":{"rendered":"<p>\u2026 aus vergangener Zeit wurde k\u00fcrzlich dem Chronik-Ausschuss der Kirch-G\u00f6nser Interessengemeinschaft \u00fcbergeben. Christian Mack aus Kirch-G\u00f6ns stellte ein Dokument aus dem Jahre 1931 zur Verf\u00fcgung. In der Hinterlassenschaft seiner Oma (Irmgard Beppler, geb. Ruth \u2013 Dorfname \u201eLiwwes-Gu\u00e9te\u201c) wurde die Ank\u00fcndigung zur Einweihung des Gefallenen-Ehrenmals der Gemeinde Kirch-G\u00f6ns entdeckt (siehe Bild). Die Fotographien des Ehrenmals auf &#8230; <a title=\"Ein zeitgen\u00f6ssisches Dokument \u2026\" class=\"read-more\" href=\"http:\/\/875jahrekirchgoens.de\/?p=14484\" aria-label=\"Mehr Informationen \u00fcber Ein zeitgen\u00f6ssisches Dokument \u2026\">Weiterlesen<\/a><\/p>\n","protected":false},"author":1,"featured_media":0,"comment_status":"closed","ping_status":"open","sticky":false,"template":"","format":"standard","meta":{"footnotes":""},"categories":[1],"tags":[],"class_list":["post-14484","post","type-post","status-publish","format-standard","hentry","category-infos"],"_links":{"self":[{"href":"http:\/\/875jahrekirchgoens.de\/index.php?rest_route=\/wp\/v2\/posts\/14484","targetHints":{"allow":["GET"]}}],"collection":[{"href":"http:\/\/875jahrekirchgoens.de\/index.php?rest_route=\/wp\/v2\/posts"}],"about":[{"href":"http:\/\/875jahrekirchgoens.de\/index.php?rest_route=\/wp\/v2\/types\/post"}],"author":[{"embeddable":true,"href":"http:\/\/875jahrekirchgoens.de\/index.php?rest_route=\/wp\/v2\/users\/1"}],"replies":[{"embeddable":true,"href":"http:\/\/875jahrekirchgoens.de\/index.php?rest_route=%2Fwp%2Fv2%2Fcomments&post=14484"}],"version-history":[{"count":1,"href":"http:\/\/875jahrekirchgoens.de\/index.php?rest_route=\/wp\/v2\/posts\/14484\/revisions"}],"predecessor-version":[{"id":14485,"href":"http:\/\/875jahrekirchgoens.de\/index.php?rest_route=\/wp\/v2\/posts\/14484\/revisions\/14485"}],"wp:attachment":[{"href":"http:\/\/875jahrekirchgoens.de\/index.php?rest_route=%2Fwp%2Fv2%2Fmedia&parent=14484"}],"wp:term":[{"taxonomy":"category","embeddable":true,"href":"http:\/\/875jahrekirchgoens.de\/index.php?rest_route=%2Fwp%2Fv2%2Fcategories&post=14484"},{"taxonomy":"post_tag","embeddable":true,"href":"http:\/\/875jahrekirchgoens.de\/index.php?rest_route=%2Fwp%2Fv2%2Ftags&post=14484"}],"curies":[{"name":"wp","href":"https:\/\/api.w.org\/{rel}","templated":true}]}}