{"id":14487,"date":"2014-03-22T10:29:00","date_gmt":"2014-03-22T10:29:00","guid":{"rendered":"http:\/\/875jahrekirchgoens.de\/?p=14487"},"modified":"2024-01-26T10:30:47","modified_gmt":"2024-01-26T10:30:47","slug":"sarah-schallau-neue-c-lizenz-inhaberin-beim-tv-kirch-goens-tv-pohl-goens","status":"publish","type":"post","link":"http:\/\/875jahrekirchgoens.de\/?p=14487","title":{"rendered":"Sarah Schallau neue C-Lizenz-Inhaberin beim TV Kirch-G\u00f6ns \/ TV-Pohl-G\u00f6ns"},"content":{"rendered":"\n<p>In der vergangenen Woche \u00fcberreichte der Vorsitzende Thorsten Metz des TV Vorw\u00e4rts 1891 Kirch-G\u00f6ns e. V. zur bestandenen C-Lizenz-Pr\u00fcfung im Kinderturnen einen Blumenstrau\u00df an die \u00dcbungsleiterin Sarah Schallau. Aktuell wird von Sarah Schallau und Angelika R\u00fchl das Kinderturnen, freitags von 16.30 \u2013 18.00 Uhr, betreut. Die Turnkinder und der TV Kirch- und TV Pohl-G\u00f6ns gratulieren recht herzlich zur Ausbildung.<\/p>\n\n\n\n<p>Quelle und Bild: TV Kirch-G\u00f6ns vom 22. M\u00e4rz 2014<\/p>\n\n\n\n<figure class=\"wp-block-image size-full\"><img loading=\"lazy\" decoding=\"async\" width=\"644\" height=\"384\" src=\"http:\/\/875jahrekirchgoens.de\/wp-content\/uploads\/2024\/01\/C-Lizenz-Bild1.jpg\" alt=\"\" class=\"wp-image-14488\" srcset=\"http:\/\/875jahrekirchgoens.de\/wp-content\/uploads\/2024\/01\/C-Lizenz-Bild1.jpg 644w, http:\/\/875jahrekirchgoens.de\/wp-content\/uploads\/2024\/01\/C-Lizenz-Bild1-300x179.jpg 300w\" sizes=\"auto, (max-width: 644px) 100vw, 644px\" \/><\/figure>\n","protected":false},"excerpt":{"rendered":"<p>In der vergangenen Woche \u00fcberreichte der Vorsitzende Thorsten Metz des TV Vorw\u00e4rts 1891 Kirch-G\u00f6ns e. V. zur bestandenen C-Lizenz-Pr\u00fcfung im Kinderturnen einen Blumenstrau\u00df an die \u00dcbungsleiterin Sarah Schallau. Aktuell wird von Sarah Schallau und Angelika R\u00fchl das Kinderturnen, freitags von 16.30 \u2013 18.00 Uhr, betreut. Die Turnkinder und der TV Kirch- und TV Pohl-G\u00f6ns gratulieren &#8230; <a title=\"Sarah Schallau neue C-Lizenz-Inhaberin beim TV Kirch-G\u00f6ns \/ TV-Pohl-G\u00f6ns\" class=\"read-more\" href=\"http:\/\/875jahrekirchgoens.de\/?p=14487\" aria-label=\"Mehr Informationen \u00fcber Sarah Schallau neue C-Lizenz-Inhaberin beim TV Kirch-G\u00f6ns \/ TV-Pohl-G\u00f6ns\">Weiterlesen<\/a><\/p>\n","protected":false},"author":1,"featured_media":0,"comment_status":"closed","ping_status":"open","sticky":false,"template":"","format":"standard","meta":{"footnotes":""},"categories":[1],"tags":[],"class_list":["post-14487","post","type-post","status-publish","format-standard","hentry","category-infos"],"_links":{"self":[{"href":"http:\/\/875jahrekirchgoens.de\/index.php?rest_route=\/wp\/v2\/posts\/14487","targetHints":{"allow":["GET"]}}],"collection":[{"href":"http:\/\/875jahrekirchgoens.de\/index.php?rest_route=\/wp\/v2\/posts"}],"about":[{"href":"http:\/\/875jahrekirchgoens.de\/index.php?rest_route=\/wp\/v2\/types\/post"}],"author":[{"embeddable":true,"href":"http:\/\/875jahrekirchgoens.de\/index.php?rest_route=\/wp\/v2\/users\/1"}],"replies":[{"embeddable":true,"href":"http:\/\/875jahrekirchgoens.de\/index.php?rest_route=%2Fwp%2Fv2%2Fcomments&post=14487"}],"version-history":[{"count":1,"href":"http:\/\/875jahrekirchgoens.de\/index.php?rest_route=\/wp\/v2\/posts\/14487\/revisions"}],"predecessor-version":[{"id":14489,"href":"http:\/\/875jahrekirchgoens.de\/index.php?rest_route=\/wp\/v2\/posts\/14487\/revisions\/14489"}],"wp:attachment":[{"href":"http:\/\/875jahrekirchgoens.de\/index.php?rest_route=%2Fwp%2Fv2%2Fmedia&parent=14487"}],"wp:term":[{"taxonomy":"category","embeddable":true,"href":"http:\/\/875jahrekirchgoens.de\/index.php?rest_route=%2Fwp%2Fv2%2Fcategories&post=14487"},{"taxonomy":"post_tag","embeddable":true,"href":"http:\/\/875jahrekirchgoens.de\/index.php?rest_route=%2Fwp%2Fv2%2Ftags&post=14487"}],"curies":[{"name":"wp","href":"https:\/\/api.w.org\/{rel}","templated":true}]}}