{"id":14497,"date":"2014-04-06T13:38:00","date_gmt":"2014-04-06T13:38:00","guid":{"rendered":"http:\/\/875jahrekirchgoens.de\/?p=14497"},"modified":"2024-01-30T13:39:52","modified_gmt":"2024-01-30T13:39:52","slug":"tv-kirch-goens-praesentierte-jubilaeumslogo","status":"publish","type":"post","link":"http:\/\/875jahrekirchgoens.de\/?p=14497","title":{"rendered":"TV Kirch-G\u00f6ns pr\u00e4sentierte Jubil\u00e4umslogo"},"content":{"rendered":"\n<p>Am 25. M\u00e4rz 2014 pr\u00e4sentierte der TV Vorw\u00e4rts 1891 Kirch-G\u00f6ns e. V. das Jubil\u00e4umslogo zum 125j\u00e4hrigen Bestehen im Jahre 2016. Entworfen wurde das Logo von Tino Beutel. Das Bild zeigt die \u00dcbergabe des Logos durch Tino Beutel (rechts) an den Vorsitzenden Thorsten Metz (M.) und Handballwart Torsten Klein. F\u00fcr seine M\u00fche beim Entwurf des neuen Logos erhielt Tino Beutel einen Pr\u00e4sentkorb vom Turnverein.<\/p>\n\n\n\n<p>Quelle und Bild: TV Kirch-G\u00f6ns vom 6. April 2014<\/p>\n\n\n\n<figure class=\"wp-block-image size-full\"><img loading=\"lazy\" decoding=\"async\" width=\"524\" height=\"393\" src=\"http:\/\/875jahrekirchgoens.de\/wp-content\/uploads\/2024\/01\/Jubi-Logo-Bild1.jpg\" alt=\"\" class=\"wp-image-14496\" srcset=\"http:\/\/875jahrekirchgoens.de\/wp-content\/uploads\/2024\/01\/Jubi-Logo-Bild1.jpg 524w, http:\/\/875jahrekirchgoens.de\/wp-content\/uploads\/2024\/01\/Jubi-Logo-Bild1-300x225.jpg 300w\" sizes=\"auto, (max-width: 524px) 100vw, 524px\" \/><\/figure>\n","protected":false},"excerpt":{"rendered":"<p>Am 25. M\u00e4rz 2014 pr\u00e4sentierte der TV Vorw\u00e4rts 1891 Kirch-G\u00f6ns e. V. das Jubil\u00e4umslogo zum 125j\u00e4hrigen Bestehen im Jahre 2016. Entworfen wurde das Logo von Tino Beutel. Das Bild zeigt die \u00dcbergabe des Logos durch Tino Beutel (rechts) an den Vorsitzenden Thorsten Metz (M.) und Handballwart Torsten Klein. F\u00fcr seine M\u00fche beim Entwurf des neuen &#8230; <a title=\"TV Kirch-G\u00f6ns pr\u00e4sentierte Jubil\u00e4umslogo\" class=\"read-more\" href=\"http:\/\/875jahrekirchgoens.de\/?p=14497\" aria-label=\"Mehr Informationen \u00fcber TV Kirch-G\u00f6ns pr\u00e4sentierte Jubil\u00e4umslogo\">Weiterlesen<\/a><\/p>\n","protected":false},"author":1,"featured_media":0,"comment_status":"closed","ping_status":"open","sticky":false,"template":"","format":"standard","meta":{"footnotes":""},"categories":[1],"tags":[],"class_list":["post-14497","post","type-post","status-publish","format-standard","hentry","category-infos"],"_links":{"self":[{"href":"http:\/\/875jahrekirchgoens.de\/index.php?rest_route=\/wp\/v2\/posts\/14497","targetHints":{"allow":["GET"]}}],"collection":[{"href":"http:\/\/875jahrekirchgoens.de\/index.php?rest_route=\/wp\/v2\/posts"}],"about":[{"href":"http:\/\/875jahrekirchgoens.de\/index.php?rest_route=\/wp\/v2\/types\/post"}],"author":[{"embeddable":true,"href":"http:\/\/875jahrekirchgoens.de\/index.php?rest_route=\/wp\/v2\/users\/1"}],"replies":[{"embeddable":true,"href":"http:\/\/875jahrekirchgoens.de\/index.php?rest_route=%2Fwp%2Fv2%2Fcomments&post=14497"}],"version-history":[{"count":1,"href":"http:\/\/875jahrekirchgoens.de\/index.php?rest_route=\/wp\/v2\/posts\/14497\/revisions"}],"predecessor-version":[{"id":14498,"href":"http:\/\/875jahrekirchgoens.de\/index.php?rest_route=\/wp\/v2\/posts\/14497\/revisions\/14498"}],"wp:attachment":[{"href":"http:\/\/875jahrekirchgoens.de\/index.php?rest_route=%2Fwp%2Fv2%2Fmedia&parent=14497"}],"wp:term":[{"taxonomy":"category","embeddable":true,"href":"http:\/\/875jahrekirchgoens.de\/index.php?rest_route=%2Fwp%2Fv2%2Fcategories&post=14497"},{"taxonomy":"post_tag","embeddable":true,"href":"http:\/\/875jahrekirchgoens.de\/index.php?rest_route=%2Fwp%2Fv2%2Ftags&post=14497"}],"curies":[{"name":"wp","href":"https:\/\/api.w.org\/{rel}","templated":true}]}}