{"id":14505,"date":"2014-07-03T13:53:00","date_gmt":"2014-07-03T13:53:00","guid":{"rendered":"http:\/\/875jahrekirchgoens.de\/?p=14505"},"modified":"2024-01-30T13:55:51","modified_gmt":"2024-01-30T13:55:51","slug":"farbenpraechtige-fahnenweihe-in-kirch-goens","status":"publish","type":"post","link":"http:\/\/875jahrekirchgoens.de\/?p=14505","title":{"rendered":"Farbenpr\u00e4chtige Fahnenweihe in Kirch-G\u00f6ns"},"content":{"rendered":"\n<p>Ein besonderes d\u00f6rfliches Ereignis fand am Sonntag, 15. Juni 2014, in Kirch-G\u00f6ns statt. Die neue Fahne des Turnverein Vorw\u00e4rts 1891 Kirch-G\u00f6ns wurde mit einem beeindruckenden und farbenpr\u00e4chtigen Festakt in der evangelischen Kirche von Pfarrer William Thum geweiht. Der eigentlichen Fahnenweihe ging ein Festgottesdienst voraus, der unter dem Motto \u201eseid allesamt gleichgesinnt und br\u00fcderlich\u201c stand und vom Kirch-G\u00f6nser Gesangverein mit zwei Liedern umrahmt wurde. Zu Beginn des Festaktes begr\u00fc\u00dfte Pfarrer Thum die Besucher in der fast bis auf den letzten Platz besetzten Dorfkirche und hie\u00df alle willkommen. In seiner Begr\u00fc\u00dfungsrede ging der 1. Vorsitzende des TV, Thorsten Metz, auf die Gr\u00fcnde f\u00fcr die Anschaffung der neuen Fahne ein und erw\u00e4hnte namentlich die Geldgeber zu der neuen Vereinsfahne, welche 60% der Anschaffungskosten gespendet hatten. Die Spender im Einzelnen waren Stephanie Sohn, Anne-Katrin Beutel, Tina Klein, Kristina Euler, Katja Schenk, Torsten Klein, Kurt Hartig, Thomas Schicketanz, Frank Hankel, Uwe Hartmann, Sven Daniel, Thorsten R\u00f6hrig, Marco Reinhard, Michael Machon, Michael Raschke, Heinz-Peter Will und Thorsten Metz. Die alte Fahne bleibt weiter im Bestand des Vereins. Laut Metz soll die alte Fahne nicht in Vergessenheit geraten, sie ginge halt nur in den Ruhestand, in Rente. Die neue Fahne solle ein Signal f\u00fcr das Jubil\u00e4umsfest im Jahre 2016 sein. Pfarrer William Thum sprach in seiner Predigt Sinn und Zweck einer Fahne an und ging dabei auf die historische Entwicklung ein. Eine Fahne zeige, wohin man geh\u00f6rt, und es sei eine Ehre unter ihr zusammen zu kommen und sie zu tragen. Zum Turnverein sagte Thum, dieser diene der Gemeinschaft, der Geselligkeit und dem d\u00f6rflichen Zusammenhalt. Der gelebte Sportsgeist verbinde und schwei\u00dfe die Gemeinschaft zusammen und befl\u00fcgele sie. Thum w\u00fcnschte, dass die neue Fahne gem\u00e4\u00df dem Motto von Turnvater Jahn \u201eFrisch, Fromm, Fr\u00f6hlich, Frei\u201c ein Zeichen der Gemeinschaft und Geselligkeit setze. B\u00fcrgermeister Michael Merle dankte namens des Magistrates und auch pers\u00f6nlich f\u00fcr die Einladung zum Festakt. Er sagte, erstmalig bei einer Fahnenweihe dabei zu sein und zeigte sich von ihr beeindruckt. Merle gratulierte dem Turnverein zur Fahnenweihe, w\u00fcnschte alles Gute f\u00fcr die Zukunft und \u00fcberreichte Thorsten Metz ein Geldgeschenk der Stadt Butzbach. F\u00fcr die Kirch-G\u00f6nser Ortsvereine sprach Michael Tiedemann, der Vorsitzender deren Interessengemeinschaft. Eine Fahne sei ein Symbol, sich auf Tradition und Ideale zur\u00fcckzubesinnen. Sie sei ein Symbol, f\u00fcr das es sich lohne, sich zu engagieren und einzusetzen. Tiedemann w\u00fcnschte dem Turnverein, dass sich viele Mitglieder und Sportler verpflichtet f\u00fchlten, sich f\u00fcr ein solches Symbol in altem Sinne neu einzusetzen. Anschlie\u00dfend zogen nach einem gemeinsamen Lied der Besucher die Fahnentr\u00e4ger des Pohl-G\u00f6nser Turnvereins \u201eFrisch Auf\u201c sowie aus Kirch-G\u00f6ns des Feuerwehr-, des Gesang- und des Sch\u00fctzenvereins sowie des Spielmanns- und Fanfarenzuges in die Kirche ein. Begleitet von einem durch Lukas Brandenburger auf dem Saxophon gespielten Musikst\u00fcck. Vor dem Altar trafen sie auf die alte und neue Fahne des Turnvereins und es kam zum sogenannten Fahnenkuss, bei dem sich die Fahnen einander alle an den Spitzen ber\u00fchrten. Ein Banner zum Gedenken an die Weihe wurde an der neue Vereinsfahne befestigt. Sodann weihte Pfarrer Thum die neue Fahne des Kirch-G\u00f6nser Turnvereins und w\u00fcnschte ihr und dem Verein Gottes Segen. Mit einem weiteren Liedvortrag des Gesangvereins wurde der Festakt beendet. Vor der Kirche gab es f\u00fcr die Besucher der Fahnenweihe einen Sektempfang, dem sich ein gemeinsames Mittagessen im B\u00fcrgerhaus anschloss. Mit einem l\u00e4ngeren gem\u00fctlichen Beisammensein klang die Fahnenweihe aus.<\/p>\n\n\n\n<p>Quelle und Bilder: TV Kirch-G\u00f6ns vom 3. Juli 2014<\/p>\n\n\n\n<figure class=\"wp-block-gallery has-nested-images columns-default is-cropped wp-block-gallery-1 is-layout-flex wp-block-gallery-is-layout-flex\">\n<figure class=\"wp-block-image size-large\"><img loading=\"lazy\" decoding=\"async\" width=\"572\" height=\"368\" data-id=\"14513\" src=\"http:\/\/875jahrekirchgoens.de\/wp-content\/uploads\/2024\/01\/Fahne-Bild8.jpg\" alt=\"\" class=\"wp-image-14513\" srcset=\"http:\/\/875jahrekirchgoens.de\/wp-content\/uploads\/2024\/01\/Fahne-Bild8.jpg 572w, http:\/\/875jahrekirchgoens.de\/wp-content\/uploads\/2024\/01\/Fahne-Bild8-300x193.jpg 300w\" sizes=\"auto, (max-width: 572px) 100vw, 572px\" \/><\/figure>\n\n\n\n<figure class=\"wp-block-image size-large\"><img loading=\"lazy\" decoding=\"async\" width=\"333\" height=\"502\" data-id=\"14512\" src=\"http:\/\/875jahrekirchgoens.de\/wp-content\/uploads\/2024\/01\/Fahne-Bild7.jpg\" alt=\"\" class=\"wp-image-14512\" srcset=\"http:\/\/875jahrekirchgoens.de\/wp-content\/uploads\/2024\/01\/Fahne-Bild7.jpg 333w, http:\/\/875jahrekirchgoens.de\/wp-content\/uploads\/2024\/01\/Fahne-Bild7-199x300.jpg 199w\" sizes=\"auto, (max-width: 333px) 100vw, 333px\" \/><\/figure>\n\n\n\n<figure class=\"wp-block-image size-large\"><img loading=\"lazy\" decoding=\"async\" width=\"571\" height=\"379\" data-id=\"14511\" src=\"http:\/\/875jahrekirchgoens.de\/wp-content\/uploads\/2024\/01\/Fahne-Bild6.jpg\" alt=\"\" class=\"wp-image-14511\" srcset=\"http:\/\/875jahrekirchgoens.de\/wp-content\/uploads\/2024\/01\/Fahne-Bild6.jpg 571w, http:\/\/875jahrekirchgoens.de\/wp-content\/uploads\/2024\/01\/Fahne-Bild6-300x199.jpg 300w\" sizes=\"auto, (max-width: 571px) 100vw, 571px\" \/><\/figure>\n\n\n\n<figure class=\"wp-block-image size-large\"><img loading=\"lazy\" decoding=\"async\" width=\"554\" height=\"368\" data-id=\"14510\" src=\"http:\/\/875jahrekirchgoens.de\/wp-content\/uploads\/2024\/01\/Fahne-Bild5.jpg\" alt=\"\" class=\"wp-image-14510\" srcset=\"http:\/\/875jahrekirchgoens.de\/wp-content\/uploads\/2024\/01\/Fahne-Bild5.jpg 554w, http:\/\/875jahrekirchgoens.de\/wp-content\/uploads\/2024\/01\/Fahne-Bild5-300x199.jpg 300w\" sizes=\"auto, (max-width: 554px) 100vw, 554px\" \/><\/figure>\n\n\n\n<figure class=\"wp-block-image size-large\"><img loading=\"lazy\" decoding=\"async\" width=\"552\" height=\"367\" data-id=\"14509\" src=\"http:\/\/875jahrekirchgoens.de\/wp-content\/uploads\/2024\/01\/Fahne-Bild4.jpg\" alt=\"\" class=\"wp-image-14509\" srcset=\"http:\/\/875jahrekirchgoens.de\/wp-content\/uploads\/2024\/01\/Fahne-Bild4.jpg 552w, http:\/\/875jahrekirchgoens.de\/wp-content\/uploads\/2024\/01\/Fahne-Bild4-300x199.jpg 300w\" sizes=\"auto, (max-width: 552px) 100vw, 552px\" \/><\/figure>\n\n\n\n<figure class=\"wp-block-image size-large\"><img loading=\"lazy\" decoding=\"async\" width=\"561\" height=\"372\" data-id=\"14508\" src=\"http:\/\/875jahrekirchgoens.de\/wp-content\/uploads\/2024\/01\/Fahne-Bild3.jpg\" alt=\"\" class=\"wp-image-14508\" srcset=\"http:\/\/875jahrekirchgoens.de\/wp-content\/uploads\/2024\/01\/Fahne-Bild3.jpg 561w, http:\/\/875jahrekirchgoens.de\/wp-content\/uploads\/2024\/01\/Fahne-Bild3-300x199.jpg 300w\" sizes=\"auto, (max-width: 561px) 100vw, 561px\" \/><\/figure>\n\n\n\n<figure class=\"wp-block-image size-large\"><img loading=\"lazy\" decoding=\"async\" width=\"571\" height=\"379\" data-id=\"14507\" src=\"http:\/\/875jahrekirchgoens.de\/wp-content\/uploads\/2024\/01\/Fahne-Bild2.jpg\" alt=\"\" class=\"wp-image-14507\" srcset=\"http:\/\/875jahrekirchgoens.de\/wp-content\/uploads\/2024\/01\/Fahne-Bild2.jpg 571w, http:\/\/875jahrekirchgoens.de\/wp-content\/uploads\/2024\/01\/Fahne-Bild2-300x199.jpg 300w\" sizes=\"auto, (max-width: 571px) 100vw, 571px\" \/><\/figure>\n\n\n\n<figure class=\"wp-block-image size-large\"><img loading=\"lazy\" decoding=\"async\" width=\"564\" height=\"375\" data-id=\"14506\" src=\"http:\/\/875jahrekirchgoens.de\/wp-content\/uploads\/2024\/01\/Fahne-Bild1.jpg\" alt=\"\" class=\"wp-image-14506\" srcset=\"http:\/\/875jahrekirchgoens.de\/wp-content\/uploads\/2024\/01\/Fahne-Bild1.jpg 564w, http:\/\/875jahrekirchgoens.de\/wp-content\/uploads\/2024\/01\/Fahne-Bild1-300x199.jpg 300w\" sizes=\"auto, (max-width: 564px) 100vw, 564px\" \/><\/figure>\n<\/figure>\n","protected":false},"excerpt":{"rendered":"<p>Ein besonderes d\u00f6rfliches Ereignis fand am Sonntag, 15. Juni 2014, in Kirch-G\u00f6ns statt. Die neue Fahne des Turnverein Vorw\u00e4rts 1891 Kirch-G\u00f6ns wurde mit einem beeindruckenden und farbenpr\u00e4chtigen Festakt in der evangelischen Kirche von Pfarrer William Thum geweiht. Der eigentlichen Fahnenweihe ging ein Festgottesdienst voraus, der unter dem Motto \u201eseid allesamt gleichgesinnt und br\u00fcderlich\u201c stand und &#8230; <a title=\"Farbenpr\u00e4chtige Fahnenweihe in Kirch-G\u00f6ns\" class=\"read-more\" href=\"http:\/\/875jahrekirchgoens.de\/?p=14505\" aria-label=\"Mehr Informationen \u00fcber Farbenpr\u00e4chtige Fahnenweihe in Kirch-G\u00f6ns\">Weiterlesen<\/a><\/p>\n","protected":false},"author":1,"featured_media":0,"comment_status":"closed","ping_status":"open","sticky":false,"template":"","format":"standard","meta":{"footnotes":""},"categories":[1],"tags":[],"class_list":["post-14505","post","type-post","status-publish","format-standard","hentry","category-infos"],"_links":{"self":[{"href":"http:\/\/875jahrekirchgoens.de\/index.php?rest_route=\/wp\/v2\/posts\/14505","targetHints":{"allow":["GET"]}}],"collection":[{"href":"http:\/\/875jahrekirchgoens.de\/index.php?rest_route=\/wp\/v2\/posts"}],"about":[{"href":"http:\/\/875jahrekirchgoens.de\/index.php?rest_route=\/wp\/v2\/types\/post"}],"author":[{"embeddable":true,"href":"http:\/\/875jahrekirchgoens.de\/index.php?rest_route=\/wp\/v2\/users\/1"}],"replies":[{"embeddable":true,"href":"http:\/\/875jahrekirchgoens.de\/index.php?rest_route=%2Fwp%2Fv2%2Fcomments&post=14505"}],"version-history":[{"count":1,"href":"http:\/\/875jahrekirchgoens.de\/index.php?rest_route=\/wp\/v2\/posts\/14505\/revisions"}],"predecessor-version":[{"id":14514,"href":"http:\/\/875jahrekirchgoens.de\/index.php?rest_route=\/wp\/v2\/posts\/14505\/revisions\/14514"}],"wp:attachment":[{"href":"http:\/\/875jahrekirchgoens.de\/index.php?rest_route=%2Fwp%2Fv2%2Fmedia&parent=14505"}],"wp:term":[{"taxonomy":"category","embeddable":true,"href":"http:\/\/875jahrekirchgoens.de\/index.php?rest_route=%2Fwp%2Fv2%2Fcategories&post=14505"},{"taxonomy":"post_tag","embeddable":true,"href":"http:\/\/875jahrekirchgoens.de\/index.php?rest_route=%2Fwp%2Fv2%2Ftags&post=14505"}],"curies":[{"name":"wp","href":"https:\/\/api.w.org\/{rel}","templated":true}]}}