{"id":14516,"date":"2014-07-12T13:58:00","date_gmt":"2014-07-12T13:58:00","guid":{"rendered":"http:\/\/875jahrekirchgoens.de\/?p=14516"},"modified":"2024-01-30T13:59:39","modified_gmt":"2024-01-30T13:59:39","slug":"neue-t-shirts-des-tv-kirch-goens","status":"publish","type":"post","link":"http:\/\/875jahrekirchgoens.de\/?p=14516","title":{"rendered":"Neue T-Shirts des TV Kirch-G\u00f6ns"},"content":{"rendered":"\n<p>Zur Fahnenweihe am 15. Juni 2014 pr\u00e4sentierte der Vorstand des TV Vorw\u00e4rts 1891 Kirch-G\u00f6ns mit neuen T-Shirts sein Outfit f\u00fcr das Jubil\u00e4umsfest zum 125j\u00e4hrigen Geburtstag im Jahre 2016. Die T-Shirts k\u00f6nnen beim Vorstand (Torsten Klein oder Anne Beutel) k\u00e4uflich erworben werden.<\/p>\n\n\n\n<p>Quelle und Bild: TV Kirch-G\u00f6ns vom 12. Juli 2014<\/p>\n\n\n\n<figure class=\"wp-block-image size-large\"><img loading=\"lazy\" decoding=\"async\" width=\"1024\" height=\"686\" src=\"http:\/\/875jahrekirchgoens.de\/wp-content\/uploads\/2024\/01\/Tshirts-Bild1-1024x686.jpg\" alt=\"\" class=\"wp-image-14517\" srcset=\"http:\/\/875jahrekirchgoens.de\/wp-content\/uploads\/2024\/01\/Tshirts-Bild1-1024x686.jpg 1024w, http:\/\/875jahrekirchgoens.de\/wp-content\/uploads\/2024\/01\/Tshirts-Bild1-300x201.jpg 300w, http:\/\/875jahrekirchgoens.de\/wp-content\/uploads\/2024\/01\/Tshirts-Bild1-768x514.jpg 768w, http:\/\/875jahrekirchgoens.de\/wp-content\/uploads\/2024\/01\/Tshirts-Bild1-1536x1029.jpg 1536w, http:\/\/875jahrekirchgoens.de\/wp-content\/uploads\/2024\/01\/Tshirts-Bild1.jpg 1890w\" sizes=\"auto, (max-width: 1024px) 100vw, 1024px\" \/><\/figure>\n","protected":false},"excerpt":{"rendered":"<p>Zur Fahnenweihe am 15. Juni 2014 pr\u00e4sentierte der Vorstand des TV Vorw\u00e4rts 1891 Kirch-G\u00f6ns mit neuen T-Shirts sein Outfit f\u00fcr das Jubil\u00e4umsfest zum 125j\u00e4hrigen Geburtstag im Jahre 2016. Die T-Shirts k\u00f6nnen beim Vorstand (Torsten Klein oder Anne Beutel) k\u00e4uflich erworben werden. Quelle und Bild: TV Kirch-G\u00f6ns vom 12. Juli 2014<\/p>\n","protected":false},"author":1,"featured_media":0,"comment_status":"closed","ping_status":"open","sticky":false,"template":"","format":"standard","meta":{"footnotes":""},"categories":[1],"tags":[],"class_list":["post-14516","post","type-post","status-publish","format-standard","hentry","category-infos"],"_links":{"self":[{"href":"http:\/\/875jahrekirchgoens.de\/index.php?rest_route=\/wp\/v2\/posts\/14516","targetHints":{"allow":["GET"]}}],"collection":[{"href":"http:\/\/875jahrekirchgoens.de\/index.php?rest_route=\/wp\/v2\/posts"}],"about":[{"href":"http:\/\/875jahrekirchgoens.de\/index.php?rest_route=\/wp\/v2\/types\/post"}],"author":[{"embeddable":true,"href":"http:\/\/875jahrekirchgoens.de\/index.php?rest_route=\/wp\/v2\/users\/1"}],"replies":[{"embeddable":true,"href":"http:\/\/875jahrekirchgoens.de\/index.php?rest_route=%2Fwp%2Fv2%2Fcomments&post=14516"}],"version-history":[{"count":1,"href":"http:\/\/875jahrekirchgoens.de\/index.php?rest_route=\/wp\/v2\/posts\/14516\/revisions"}],"predecessor-version":[{"id":14518,"href":"http:\/\/875jahrekirchgoens.de\/index.php?rest_route=\/wp\/v2\/posts\/14516\/revisions\/14518"}],"wp:attachment":[{"href":"http:\/\/875jahrekirchgoens.de\/index.php?rest_route=%2Fwp%2Fv2%2Fmedia&parent=14516"}],"wp:term":[{"taxonomy":"category","embeddable":true,"href":"http:\/\/875jahrekirchgoens.de\/index.php?rest_route=%2Fwp%2Fv2%2Fcategories&post=14516"},{"taxonomy":"post_tag","embeddable":true,"href":"http:\/\/875jahrekirchgoens.de\/index.php?rest_route=%2Fwp%2Fv2%2Ftags&post=14516"}],"curies":[{"name":"wp","href":"https:\/\/api.w.org\/{rel}","templated":true}]}}