{"id":14521,"date":"2014-07-28T14:10:00","date_gmt":"2014-07-28T14:10:00","guid":{"rendered":"http:\/\/875jahrekirchgoens.de\/?p=14521"},"modified":"2024-01-30T14:11:45","modified_gmt":"2024-01-30T14:11:45","slug":"tagesausflug-des-tv","status":"publish","type":"post","link":"http:\/\/875jahrekirchgoens.de\/?p=14521","title":{"rendered":"Tagesausflug des TV"},"content":{"rendered":"\n<p>Am 26. Juli 2014 starteten die achtundvierzig Teilnehmer des TV Vorw\u00e4rts 1891 Kirch-G\u00f6ns um 7.45 Uhr mit dem Reisebus der Firma Gimmler Richtung Sauerland. Nach einem kurzen Zwischenstopp und dem traditionellen Fr\u00fchst\u00fcck erreichte die Gruppe nach dreist\u00fcndiger Fahrt den Zielort Willingen. Dort angekommen erfolgte im Willinger Brauhaus eine Brauereibesichtigung und ein anschlie\u00dfendes Mittagessen. Danach f\u00fchrt die Reise zur Besichtigung der M\u00fchlenkopfschanze. Mit der Standseilbahn fuhr man vom Auslauf bis hoch zum Anlaufturm. Einige Mitglieder schafften nach dem Besuch der Skisprungschanze erfolgreich den Abstieg der 686 Treppenstufen. Am Sp\u00e4tnachmittag hatten die Reisenden verschiedene M\u00f6glichkeiten, die \u00f6rtlichen gastronomischen Betriebe aufzusuchen. Gegen 21.00 Uhr kam die Gruppe wohlbehalten wieder in Kirch-G\u00f6ns an.<\/p>\n\n\n\n<p>Quelle und Bild: TV Kirch-G\u00f6ns vom 28. Juli 2014<\/p>\n\n\n\n<figure class=\"wp-block-image size-large\"><img loading=\"lazy\" decoding=\"async\" width=\"1024\" height=\"587\" src=\"http:\/\/875jahrekirchgoens.de\/wp-content\/uploads\/2024\/01\/Ausflu-Bild1-1024x587.jpg\" alt=\"\" class=\"wp-image-14520\" srcset=\"http:\/\/875jahrekirchgoens.de\/wp-content\/uploads\/2024\/01\/Ausflu-Bild1-1024x587.jpg 1024w, http:\/\/875jahrekirchgoens.de\/wp-content\/uploads\/2024\/01\/Ausflu-Bild1-300x172.jpg 300w, http:\/\/875jahrekirchgoens.de\/wp-content\/uploads\/2024\/01\/Ausflu-Bild1-768x440.jpg 768w, http:\/\/875jahrekirchgoens.de\/wp-content\/uploads\/2024\/01\/Ausflu-Bild1-1536x881.jpg 1536w, http:\/\/875jahrekirchgoens.de\/wp-content\/uploads\/2024\/01\/Ausflu-Bild1.jpg 1890w\" sizes=\"auto, (max-width: 1024px) 100vw, 1024px\" \/><\/figure>\n","protected":false},"excerpt":{"rendered":"<p>Am 26. Juli 2014 starteten die achtundvierzig Teilnehmer des TV Vorw\u00e4rts 1891 Kirch-G\u00f6ns um 7.45 Uhr mit dem Reisebus der Firma Gimmler Richtung Sauerland. Nach einem kurzen Zwischenstopp und dem traditionellen Fr\u00fchst\u00fcck erreichte die Gruppe nach dreist\u00fcndiger Fahrt den Zielort Willingen. Dort angekommen erfolgte im Willinger Brauhaus eine Brauereibesichtigung und ein anschlie\u00dfendes Mittagessen. Danach f\u00fchrt &#8230; <a title=\"Tagesausflug des TV\" class=\"read-more\" href=\"http:\/\/875jahrekirchgoens.de\/?p=14521\" aria-label=\"Mehr Informationen \u00fcber Tagesausflug des TV\">Weiterlesen<\/a><\/p>\n","protected":false},"author":1,"featured_media":0,"comment_status":"closed","ping_status":"open","sticky":false,"template":"","format":"standard","meta":{"footnotes":""},"categories":[1],"tags":[],"class_list":["post-14521","post","type-post","status-publish","format-standard","hentry","category-infos"],"_links":{"self":[{"href":"http:\/\/875jahrekirchgoens.de\/index.php?rest_route=\/wp\/v2\/posts\/14521","targetHints":{"allow":["GET"]}}],"collection":[{"href":"http:\/\/875jahrekirchgoens.de\/index.php?rest_route=\/wp\/v2\/posts"}],"about":[{"href":"http:\/\/875jahrekirchgoens.de\/index.php?rest_route=\/wp\/v2\/types\/post"}],"author":[{"embeddable":true,"href":"http:\/\/875jahrekirchgoens.de\/index.php?rest_route=\/wp\/v2\/users\/1"}],"replies":[{"embeddable":true,"href":"http:\/\/875jahrekirchgoens.de\/index.php?rest_route=%2Fwp%2Fv2%2Fcomments&post=14521"}],"version-history":[{"count":1,"href":"http:\/\/875jahrekirchgoens.de\/index.php?rest_route=\/wp\/v2\/posts\/14521\/revisions"}],"predecessor-version":[{"id":14522,"href":"http:\/\/875jahrekirchgoens.de\/index.php?rest_route=\/wp\/v2\/posts\/14521\/revisions\/14522"}],"wp:attachment":[{"href":"http:\/\/875jahrekirchgoens.de\/index.php?rest_route=%2Fwp%2Fv2%2Fmedia&parent=14521"}],"wp:term":[{"taxonomy":"category","embeddable":true,"href":"http:\/\/875jahrekirchgoens.de\/index.php?rest_route=%2Fwp%2Fv2%2Fcategories&post=14521"},{"taxonomy":"post_tag","embeddable":true,"href":"http:\/\/875jahrekirchgoens.de\/index.php?rest_route=%2Fwp%2Fv2%2Ftags&post=14521"}],"curies":[{"name":"wp","href":"https:\/\/api.w.org\/{rel}","templated":true}]}}