{"id":14544,"date":"2015-02-02T15:33:00","date_gmt":"2015-02-02T15:33:00","guid":{"rendered":"http:\/\/875jahrekirchgoens.de\/?p=14544"},"modified":"2024-01-30T15:35:18","modified_gmt":"2024-01-30T15:35:18","slug":"sportakrobaten-des-tv-kirch-und-pohl-goens-bei-turnkunst-vertigo","status":"publish","type":"post","link":"http:\/\/875jahrekirchgoens.de\/?p=14544","title":{"rendered":"Sportakrobaten des TV Kirch- und Pohl-G\u00f6ns bei Turnkunst Vertigo"},"content":{"rendered":"\n<p><em>Sportakrobaten des TV Kirch- und Pohl-G\u00f6ns als lokale Vorgruppe beim Feuerwerk der Turnkunst Vertigo in der Frankfurter Festhalle<\/em><\/p>\n\n\n\n<p>Die Sportakrobaten des TV-Pohl\/Kirch-G\u00f6ns traten am 23.01.15 als lokale Vorgruppe bei Europas erfolgreichster Turnshow, Feuerwerk der Turnkunst Vertigo, vor \u00fcber 7.500 Zuschauern in der Frankfurter Festhalle auf. Im Oktober letzten Jahres erhielt der TV die freudige Nachricht vom Hessischen Turnverband, dass sich die Sportakrobaten beim Casting erfolgreich gegen andere Bewerber durchgesetzt haben und bei der HTV-Gala in der Frankfurter Festhalle auftreten d\u00fcrfen. Mit ihrem Auftritt ernteten die Sportakrobaten tobenden Applaus in der riesigen Festhalle. Die Akrobaten vom TV hatten einen Riesenspa\u00df zusammen mit den Weltstars zu proben und vor so viel Publikum aufzutreten. Dieses Erlebnis wird immer in Erinnerung bleiben. Dabei waren Laura Scheibel, Mia Kuhnert, Helena Lutz, Vanessa Nicolai, Lara Koglin, Janine G\u00f6bel, Naila Buschmann, Nuri Dreut, Marie Marci, Carolina Volk und Mira Schuchard. Die n\u00e4chsten Auftritte werden bei der Turnfestgala am Landesturnfest in Gie\u00dfen am 15.05. sowie bei der Sport- Gala der ersten Hessischen Landesspiele der Special Olympics in Marburg am 08.07., die unter der Schirmherrschaft Volker Bouffiers ausgetragen werden, sein.<\/p>\n\n\n\n<p>Quelle und Bild: TV Kirch-G\u00f6ns vom 2. Februar 2015<\/p>\n\n\n\n<figure class=\"wp-block-image size-full\"><img loading=\"lazy\" decoding=\"async\" width=\"673\" height=\"379\" src=\"http:\/\/875jahrekirchgoens.de\/wp-content\/uploads\/2024\/01\/Akro-Bild1.jpg\" alt=\"\" class=\"wp-image-14543\" srcset=\"http:\/\/875jahrekirchgoens.de\/wp-content\/uploads\/2024\/01\/Akro-Bild1.jpg 673w, http:\/\/875jahrekirchgoens.de\/wp-content\/uploads\/2024\/01\/Akro-Bild1-300x169.jpg 300w\" sizes=\"auto, (max-width: 673px) 100vw, 673px\" \/><\/figure>\n","protected":false},"excerpt":{"rendered":"<p>Sportakrobaten des TV Kirch- und Pohl-G\u00f6ns als lokale Vorgruppe beim Feuerwerk der Turnkunst Vertigo in der Frankfurter Festhalle Die Sportakrobaten des TV-Pohl\/Kirch-G\u00f6ns traten am 23.01.15 als lokale Vorgruppe bei Europas erfolgreichster Turnshow, Feuerwerk der Turnkunst Vertigo, vor \u00fcber 7.500 Zuschauern in der Frankfurter Festhalle auf. Im Oktober letzten Jahres erhielt der TV die freudige Nachricht &#8230; <a title=\"Sportakrobaten des TV Kirch- und Pohl-G\u00f6ns bei Turnkunst Vertigo\" class=\"read-more\" href=\"http:\/\/875jahrekirchgoens.de\/?p=14544\" aria-label=\"Mehr Informationen \u00fcber Sportakrobaten des TV Kirch- und Pohl-G\u00f6ns bei Turnkunst Vertigo\">Weiterlesen<\/a><\/p>\n","protected":false},"author":1,"featured_media":0,"comment_status":"closed","ping_status":"open","sticky":false,"template":"","format":"standard","meta":{"footnotes":""},"categories":[1],"tags":[],"class_list":["post-14544","post","type-post","status-publish","format-standard","hentry","category-infos"],"_links":{"self":[{"href":"http:\/\/875jahrekirchgoens.de\/index.php?rest_route=\/wp\/v2\/posts\/14544","targetHints":{"allow":["GET"]}}],"collection":[{"href":"http:\/\/875jahrekirchgoens.de\/index.php?rest_route=\/wp\/v2\/posts"}],"about":[{"href":"http:\/\/875jahrekirchgoens.de\/index.php?rest_route=\/wp\/v2\/types\/post"}],"author":[{"embeddable":true,"href":"http:\/\/875jahrekirchgoens.de\/index.php?rest_route=\/wp\/v2\/users\/1"}],"replies":[{"embeddable":true,"href":"http:\/\/875jahrekirchgoens.de\/index.php?rest_route=%2Fwp%2Fv2%2Fcomments&post=14544"}],"version-history":[{"count":1,"href":"http:\/\/875jahrekirchgoens.de\/index.php?rest_route=\/wp\/v2\/posts\/14544\/revisions"}],"predecessor-version":[{"id":14545,"href":"http:\/\/875jahrekirchgoens.de\/index.php?rest_route=\/wp\/v2\/posts\/14544\/revisions\/14545"}],"wp:attachment":[{"href":"http:\/\/875jahrekirchgoens.de\/index.php?rest_route=%2Fwp%2Fv2%2Fmedia&parent=14544"}],"wp:term":[{"taxonomy":"category","embeddable":true,"href":"http:\/\/875jahrekirchgoens.de\/index.php?rest_route=%2Fwp%2Fv2%2Fcategories&post=14544"},{"taxonomy":"post_tag","embeddable":true,"href":"http:\/\/875jahrekirchgoens.de\/index.php?rest_route=%2Fwp%2Fv2%2Ftags&post=14544"}],"curies":[{"name":"wp","href":"https:\/\/api.w.org\/{rel}","templated":true}]}}