{"id":14547,"date":"2015-03-03T15:36:00","date_gmt":"2015-03-03T15:36:00","guid":{"rendered":"http:\/\/875jahrekirchgoens.de\/?p=14547"},"modified":"2024-01-30T15:37:57","modified_gmt":"2024-01-30T15:37:57","slug":"qualitaetssiegel-sport-pro-gesundheit-fuer-den-tv-kirch-und-tv-pohl-goens","status":"publish","type":"post","link":"http:\/\/875jahrekirchgoens.de\/?p=14547","title":{"rendered":"Qualit\u00e4tssiegel \u201eSport pro Gesundheit\u201c f\u00fcr den TV Kirch- und TV Pohl-G\u00f6ns"},"content":{"rendered":"\n<p>Allerorts springen einem die verschiedensten G\u00fcte-, Pr\u00fcf- und Qualit\u00e4tssiegel ins Auge. Doch nicht immer wird klar, nach welchen Gesichtspunkten das jeweilige Zertifikat vergeben wurde. Das Qualit\u00e4tssiegel SPORT PRO GESUNDHEIT hingegen steht f\u00fcr Transparenz. Es hat klar definierte Ziele und Kriterien und schafft Orientierung im Dschungel der zahlreichen, mittlerweile auch von kommerziellen Einrichtungen angebotenen Programmen des Gesundheitssports. Es hilft Interessenten, aber auch \u00c4rzten und Krankenkassen bei der erfolgreichen Suche nach dem passenden Gesundheitskurs und unterst\u00fctzt die Turn- und Sportvereine bei der Bildung eines gesundheitsorientierten Profils. Im Jahre 2006 ist dem TV Kirch- und TV Pohl-G\u00f6ns erstmals das Qualit\u00e4tssiegel \u201eSport pro Gesundheit\u201c verliehen worden. Im Einzelnen bietet hier die \u00dcbungsleiterin, <strong>Ingeborg Festner<\/strong>, die gesundheitsorientierenden Sportarten Pr\u00e4ventionsgymnastik f\u00fcr R\u00fccken und Wirbels\u00e4ule, Mehr Gesundheit mehr Fitness, Walking und Nordic Walking, Bewegungstraining f\u00fcr Senioren und Nordic Walking an. Nach der Verleihung in den Jahren 2006, 2008, 2010 wurde im November 2012 und erneut im Dezember 2014 das Qualit\u00e4tssiegel \u201eSport pro Gesundheit\u201c, empfohlen von der <strong>Bundes\u00e4rztekammer<\/strong>, dem Deutschen Olympischen Sportbund, dem Deutschen Turnverband und dem Deutschen Schwimmverband, dem TV Kirch-\/ und Pohl-G\u00f6ns <strong>zum f\u00fcnften Male<\/strong>, bis Ende 2016, verl\u00e4ngert. Die Vorstandsvorsitzenden <strong>J\u00fcrgen Ratz <\/strong>(l.) und <strong>Thorsten Metz <\/strong>(r.) bedankten sich mit einem Pr\u00e4sent bei der \u00dcbungsleiterin <strong>Ingeborg Festner <\/strong>(m.) f\u00fcr Ihr Engagement.<\/p>\n\n\n\n<p>Quelle und Bild: TV Kirch-G\u00f6ns vom 3. M\u00e4rz 2015<\/p>\n\n\n\n<figure class=\"wp-block-image size-full\"><img loading=\"lazy\" decoding=\"async\" width=\"328\" height=\"412\" src=\"http:\/\/875jahrekirchgoens.de\/wp-content\/uploads\/2024\/01\/Qualitaet-Bild1.jpg\" alt=\"\" class=\"wp-image-14548\" srcset=\"http:\/\/875jahrekirchgoens.de\/wp-content\/uploads\/2024\/01\/Qualitaet-Bild1.jpg 328w, http:\/\/875jahrekirchgoens.de\/wp-content\/uploads\/2024\/01\/Qualitaet-Bild1-239x300.jpg 239w\" sizes=\"auto, (max-width: 328px) 100vw, 328px\" \/><\/figure>\n","protected":false},"excerpt":{"rendered":"<p>Allerorts springen einem die verschiedensten G\u00fcte-, Pr\u00fcf- und Qualit\u00e4tssiegel ins Auge. Doch nicht immer wird klar, nach welchen Gesichtspunkten das jeweilige Zertifikat vergeben wurde. Das Qualit\u00e4tssiegel SPORT PRO GESUNDHEIT hingegen steht f\u00fcr Transparenz. Es hat klar definierte Ziele und Kriterien und schafft Orientierung im Dschungel der zahlreichen, mittlerweile auch von kommerziellen Einrichtungen angebotenen Programmen des &#8230; <a title=\"Qualit\u00e4tssiegel \u201eSport pro Gesundheit\u201c f\u00fcr den TV Kirch- und TV Pohl-G\u00f6ns\" class=\"read-more\" href=\"http:\/\/875jahrekirchgoens.de\/?p=14547\" aria-label=\"Mehr Informationen \u00fcber Qualit\u00e4tssiegel \u201eSport pro Gesundheit\u201c f\u00fcr den TV Kirch- und TV Pohl-G\u00f6ns\">Weiterlesen<\/a><\/p>\n","protected":false},"author":1,"featured_media":0,"comment_status":"closed","ping_status":"open","sticky":false,"template":"","format":"standard","meta":{"footnotes":""},"categories":[1],"tags":[],"class_list":["post-14547","post","type-post","status-publish","format-standard","hentry","category-infos"],"_links":{"self":[{"href":"http:\/\/875jahrekirchgoens.de\/index.php?rest_route=\/wp\/v2\/posts\/14547","targetHints":{"allow":["GET"]}}],"collection":[{"href":"http:\/\/875jahrekirchgoens.de\/index.php?rest_route=\/wp\/v2\/posts"}],"about":[{"href":"http:\/\/875jahrekirchgoens.de\/index.php?rest_route=\/wp\/v2\/types\/post"}],"author":[{"embeddable":true,"href":"http:\/\/875jahrekirchgoens.de\/index.php?rest_route=\/wp\/v2\/users\/1"}],"replies":[{"embeddable":true,"href":"http:\/\/875jahrekirchgoens.de\/index.php?rest_route=%2Fwp%2Fv2%2Fcomments&post=14547"}],"version-history":[{"count":1,"href":"http:\/\/875jahrekirchgoens.de\/index.php?rest_route=\/wp\/v2\/posts\/14547\/revisions"}],"predecessor-version":[{"id":14549,"href":"http:\/\/875jahrekirchgoens.de\/index.php?rest_route=\/wp\/v2\/posts\/14547\/revisions\/14549"}],"wp:attachment":[{"href":"http:\/\/875jahrekirchgoens.de\/index.php?rest_route=%2Fwp%2Fv2%2Fmedia&parent=14547"}],"wp:term":[{"taxonomy":"category","embeddable":true,"href":"http:\/\/875jahrekirchgoens.de\/index.php?rest_route=%2Fwp%2Fv2%2Fcategories&post=14547"},{"taxonomy":"post_tag","embeddable":true,"href":"http:\/\/875jahrekirchgoens.de\/index.php?rest_route=%2Fwp%2Fv2%2Ftags&post=14547"}],"curies":[{"name":"wp","href":"https:\/\/api.w.org\/{rel}","templated":true}]}}