{"id":14550,"date":"2015-03-19T15:38:00","date_gmt":"2015-03-19T15:38:00","guid":{"rendered":"http:\/\/875jahrekirchgoens.de\/?p=14550"},"modified":"2024-01-30T15:39:56","modified_gmt":"2024-01-30T15:39:56","slug":"jubilaeumspartner-tag","status":"publish","type":"post","link":"http:\/\/875jahrekirchgoens.de\/?p=14550","title":{"rendered":"Jubil\u00e4umspartner-Tag"},"content":{"rendered":"\n<p><em>Sponsorengespr\u00e4che des TV Kirch-G\u00f6ns<\/em><\/p>\n\n\n\n<p>Der Turnverein Vorw\u00e4rts Kirch-G\u00f6ns 1891 feiert im n\u00e4chsten Jahr sein 125-j\u00e4hriges Jubil\u00e4um mit mehreren Veranstaltungen und sucht hierf\u00fcr Sponsoren. Mit einem Jubil\u00e4umspartnertag im B\u00fcrgerhaus ging der Vorstand nun einen neuen Weg auf der Suche nach Unterst\u00fctzern seiner Vorhaben. Firmen und Institutionen aus nah und fern mit Interesse an Sponsorent\u00e4tigkeit wurden zu der Veranstaltung eingeladen. Dort konnten sie sich \u00fcber die geplanten Aktivit\u00e4ten im Jubil\u00e4umsjahr sowie den dann gebotenen M\u00f6glichkeiten seitens des Vereins informieren. 1. Vorsitzender Thorsten Metz begr\u00fc\u00dfte die G\u00e4ste und ging mit einer <a href=\"http:\/\/www.tv-kirch-goens.de\/wp-content\/uploads\/2015\/03\/Jubil%C3%A4umspartnertag_Pr%C3%A4sentation.pdf\">Jubil\u00e4umspartnertag-Pr\u00e4sentation<\/a> auf die Geschichte und die heutigen Sportangebote des Turnvereins Kirch-G\u00f6ns ein. Anschlie\u00dfend gab er die Termine des Jubil\u00e4umsjahres bekannt. Das beginnt mit einer akademischen Feier am 19. M\u00e4rz, gefolgt von der Jahres-mitgliederversammlung am 29. April und der traditionellen 1. Mai \u2013 Feier auf dem Sportplatz. Das Festwochenende findet vom 3. \u2013 5. Juni ebenfalls dort statt. Mit einer Feier zum eigentlichen Gr\u00fcndungsdatum am 5. September und der Nikolausfeier am 3. Dezember wird das Jubil\u00e4umsjahr beschlossen. Anne Beutel und Tina Klein zeigten den G\u00e4sten der Veranstaltung die M\u00f6glichkeiten f\u00fcr Sponsoren bei den verschiedenen Veranstaltungen auf. Werbefl\u00e4chen auf Plakaten, Flyern, Eintrittskarten, Zeltwand und Homepage stehen zur Verf\u00fcgung. Auch k\u00f6nnen Sponsoren am Festzug mitwirken und sich pr\u00e4sentieren. Auch im Zusammenhang mit der sich in Arbeit befindlichen Vereinschronik bestehen Werbem\u00f6glichkeiten. Bereits w\u00e4hrend des Jubil\u00e4umspartnertages konnte der Werbeausschuss mit Anne Beutel, Tina Klein und Thorsten Metz interessante Gespr\u00e4che mit m\u00f6glichen Sponsoren f\u00fchren. Eventuell weitere Interessenten k\u00f6nnen sich an Thorsten Metz wenden (Tel.: 06033-974878 und <a href=\"mailto:125jahre@tv-kirch-goens.de\">125jahre@tv-kirch-goens.de<\/a>)<\/p>\n\n\n\n<p>Quelle: TV Kirch-G\u00f6ns vom 19. M\u00e4rz 2015<\/p>\n","protected":false},"excerpt":{"rendered":"<p>Sponsorengespr\u00e4che des TV Kirch-G\u00f6ns Der Turnverein Vorw\u00e4rts Kirch-G\u00f6ns 1891 feiert im n\u00e4chsten Jahr sein 125-j\u00e4hriges Jubil\u00e4um mit mehreren Veranstaltungen und sucht hierf\u00fcr Sponsoren. Mit einem Jubil\u00e4umspartnertag im B\u00fcrgerhaus ging der Vorstand nun einen neuen Weg auf der Suche nach Unterst\u00fctzern seiner Vorhaben. Firmen und Institutionen aus nah und fern mit Interesse an Sponsorent\u00e4tigkeit wurden zu &#8230; <a title=\"Jubil\u00e4umspartner-Tag\" class=\"read-more\" href=\"http:\/\/875jahrekirchgoens.de\/?p=14550\" aria-label=\"Mehr Informationen \u00fcber Jubil\u00e4umspartner-Tag\">Weiterlesen<\/a><\/p>\n","protected":false},"author":1,"featured_media":0,"comment_status":"closed","ping_status":"open","sticky":false,"template":"","format":"standard","meta":{"footnotes":""},"categories":[1],"tags":[],"class_list":["post-14550","post","type-post","status-publish","format-standard","hentry","category-infos"],"_links":{"self":[{"href":"http:\/\/875jahrekirchgoens.de\/index.php?rest_route=\/wp\/v2\/posts\/14550","targetHints":{"allow":["GET"]}}],"collection":[{"href":"http:\/\/875jahrekirchgoens.de\/index.php?rest_route=\/wp\/v2\/posts"}],"about":[{"href":"http:\/\/875jahrekirchgoens.de\/index.php?rest_route=\/wp\/v2\/types\/post"}],"author":[{"embeddable":true,"href":"http:\/\/875jahrekirchgoens.de\/index.php?rest_route=\/wp\/v2\/users\/1"}],"replies":[{"embeddable":true,"href":"http:\/\/875jahrekirchgoens.de\/index.php?rest_route=%2Fwp%2Fv2%2Fcomments&post=14550"}],"version-history":[{"count":1,"href":"http:\/\/875jahrekirchgoens.de\/index.php?rest_route=\/wp\/v2\/posts\/14550\/revisions"}],"predecessor-version":[{"id":14552,"href":"http:\/\/875jahrekirchgoens.de\/index.php?rest_route=\/wp\/v2\/posts\/14550\/revisions\/14552"}],"wp:attachment":[{"href":"http:\/\/875jahrekirchgoens.de\/index.php?rest_route=%2Fwp%2Fv2%2Fmedia&parent=14550"}],"wp:term":[{"taxonomy":"category","embeddable":true,"href":"http:\/\/875jahrekirchgoens.de\/index.php?rest_route=%2Fwp%2Fv2%2Fcategories&post=14550"},{"taxonomy":"post_tag","embeddable":true,"href":"http:\/\/875jahrekirchgoens.de\/index.php?rest_route=%2Fwp%2Fv2%2Ftags&post=14550"}],"curies":[{"name":"wp","href":"https:\/\/api.w.org\/{rel}","templated":true}]}}