{"id":14553,"date":"2015-04-29T15:40:00","date_gmt":"2015-04-29T15:40:00","guid":{"rendered":"http:\/\/875jahrekirchgoens.de\/?p=14553"},"modified":"2024-01-30T15:43:03","modified_gmt":"2024-01-30T15:43:03","slug":"tv-kirch-goens-bereitet-125-jahr-feier-vor","status":"publish","type":"post","link":"http:\/\/875jahrekirchgoens.de\/?p=14553","title":{"rendered":"TV Kirch-G\u00f6ns bereitet 125-Jahr-Feier vor"},"content":{"rendered":"\n<p>Das 125j\u00e4hrige Gr\u00fcndungsjubil\u00e4um des Turnvereins Vorw\u00e4rts 1891 im Jahr 2016 wirft seine Schatten voraus. Das Vereinsjahr 2014 stand und 2015 steht ganz im Zeichen der Vorbereitungen der geplanten Veranstaltungen und der Herausgabe einer Vereinschronik. Das Jubil\u00e4umsjahr wird unter dem Motto \u201eEs ist viel passiert, 1891 bis heute \u2026 Es wird viel passieren, seien Sie dabei\u201c stehen. Auf der Jahresmitgliederversammlung des TV Kirch-G\u00f6ns nahm 1. Vorsitzender Thorsten Metz in seinem Rechenschaftsbericht auf die Vorbereitungsma\u00dfnahmen Bezug und erl\u00e4uterte die geplanten Veranstaltungen. Er rief die Mitglieder dazu auf, sich bei den Vorbereitungen und vor allem der Durchf\u00fchrung zu engagieren. Weiter lie\u00df er das abgelaufene Vereinsjahr Revue passieren. Unter anderen erw\u00e4hnte er die Aktion \u201esauberhaftes Hessen\u201c, die 1. Mai-Feier auf dem Sportplatz, die Fahnenweihe im Juni und den Vereinsausflug nach Willingen. Metz wies auf das breite Bet\u00e4tigungsfeld hin, das der TV bereit h\u00e4lt mit Turnen, Freizeitsport, Tischtennis, Handball und Zumba. Die gr\u00f6\u00dfte Vereinssparte stellt die Handballabteilung dar, auf der Jahresmitgliederversammlung durch den 1. Vorsitzenden der HSG-Kirch-Pohl-G\u00f6ns-Butzbach Werner J\u00e4ger vertreten. Er sagte in seinem Bericht, dass nach dem Aufstieg der 1. M\u00e4nnermannschaft im letzten Jahr in der laufenden Saison wieder bescheidenere Ergebnisse anst\u00fcnden. J\u00e4ger ging ausf\u00fchrlich auf die Entwicklung und den derzeitigen Tabellenstand der einzelnen Handballmannschaften ein. So konnten bis auf die weibliche B-Jugend alle Klassen mit Nachwuchsteams besetzt werden. \u00dcber drei\u00dfig Trainer und Betreuer k\u00fcmmern sich um die Jugendmannschaften. In der laufenden Saison kann die HSG noch gen\u00fcgend Schiedsrichter und Sekret\u00e4re stellen, f\u00fcr 2016 prognostizierte J\u00e4ger aber Probleme. Es m\u00fcssten unbedingt wieder neue Sportler gefunden werden, die als Schiedsrichter oder Sekret\u00e4r t\u00e4tig werden. F\u00fcr Kurt Hartig, den sportlich verhinderten Abteilungsleiter Tischtennis, verlas Thorsten Metz dessen Bericht. Die Tischtennisspieler m\u00f6chten gerne im Jubil\u00e4umsjahr 2016 die Stadtmeisterschaft in Kirch-G\u00f6ns ausrichten. Abteilungsleiterin Turnen ist Anne Beutel, die in ihrem Jahresbericht die verschiedenen Angebote des TV in diesem Bereich erl\u00e4uterte. Fitnessgymnastik, Zumba, R\u00fccken- und Gesundheitssport, Step-Aerobic, Fitnesssport; Nordic-Walking, Konditionstraining, Ballspiel und Konditionstraining werden angeboten, jeweils unter Betreuung erfahrener \u00dcbungsleiter\/innen. F\u00fcr die Freizeitkicker des TV (Quartermain-Club) sprach dessen 1. Vorsitzender Frank Hankel. Da der Kirch-G\u00f6nser Sportplatz nicht bespielbar ist, musste auf andere Pl\u00e4tze und Hallen ausgewichen werden. Neben den sportlichen Aktivit\u00e4ten kamen auch gesellschaftliche nicht zu kurz, so beim Tagesausflug nach Dirnstein zum Fu\u00dfballgolf. Kassiererin Kristina Euler berichtete \u00fcber die finanzielle Situation des Vereins. Katja Schenk und Michael Tiedemann hatten die Kasse gepr\u00fcft, die in Ordnung war. Auf ihren Antrag hin wurde der Vorstand des TV Kirch-G\u00f6ns einstimmig entlastet. Aufgrund Vorgaben des Finanzamtes musste danach die Satzung des Vereins geringf\u00fcgig ge\u00e4ndert werden, was ebenso einstimmig erfolgte. F\u00fcr 25 Jahre Mitgliedschaft im TV Kirch-G\u00f6ns wurde Frank Hankel mit der bronzenen Ehrennadel des Vereins ausgezeichnet. Harald Eckhard wurde f\u00fcr seine seit 40 Jahren w\u00e4hrende Vereinstreue mit der silbernen Ehrennadel und mit der Ernennung zum Ehrenmitglied geehrt. Seit 60 Jahren geh\u00f6ren dem Verein Egon Kr\u00e4mer, Erwin Reinhard, Gerhard Jung und Leni Braasch an, die hierf\u00fcr eine besondere Ehrenurkunde erhielten. Krankheitsbedingt konnte Willi G\u00e4rtner, der seit 80 Jahren Vereinsmitglied ist, nicht in der Versammlung geehrt werden. Dies wird privat nachgeholt werden. F\u00fcr ihr tolles Engagement im Organisationsteam des Kirch-G\u00f6nser Weihnachtsmarktes erhielten Mario Wilhelm, Michael Wellner, Michael Raschke, Andre Cannon und Sebastian Quester ein kleines Dankesch\u00f6n des Vereins durch Thorsten Metz und den 2. Vorsitzenden Torsten Klein. Auch Uwe Hartmann und Mario Wilhelm bekamen ein Geschenk f\u00fcr die Herstellung eines neuen Vereinsschaukastens. Dieter Pfeiffer hatte zur Vorbereitung der 125-Jahr-Feier des TV dessen Protokollbuch 1919 \u2013 1947 und das Kassenbuch 1891 \u2013 1952, die in altdeutscher Schreibschrift verfasst sind, in modere Computerdruckschrift \u00fcbersetzt. In einem kurzen Vortrag stellte er herausragende Eintr\u00e4ge im Kassenbuch der Versammlung vor. Diese zeigten die Entwicklung im Verein auf und stellen auch einen Spiegel deutscher Geschichte dar. F\u00fcr sein Engagement erhielt Pfeiffer ein Geschenk des Vereins. Zum Abschluss der Jahresmitgliederversammlung wies Thorsten Metz auf die n\u00e4chsten Veranstaltungstermine des Turnvereins Kirch-G\u00f6ns hin: 1. Mai-Feier auf dem Sportplatz und Tagesausflug am 18. Juli. An der 865-Jahr-Feier am 30.\/31. Mai beteiligt sich der TV.<\/p>\n\n\n\n<p><em>Quelle und Bilder: TV Kirch-G\u00f6ns vom 29. April 2015<\/em><\/p>\n\n\n\n<p><em>Auf der Jahresmitgliederversammlung des Turnvereins Vorw\u00e4rts 1891 Kirch-G\u00f6ns wurden Mitglieder wegen langj\u00e4hriger Vereinszugeh\u00f6rigkeit sowie mehrere Aktive f\u00fcr die Organisation des Weihnachtsmarkes durch den 1. Vors. Thorsten Metz und den 2. Vors. Torsten Klein geehrt.<\/em><\/p>\n\n\n\n<figure class=\"wp-block-gallery has-nested-images columns-default is-cropped wp-block-gallery-1 is-layout-flex wp-block-gallery-is-layout-flex\">\n<figure class=\"wp-block-image size-large\"><img loading=\"lazy\" decoding=\"async\" width=\"583\" height=\"390\" data-id=\"14556\" src=\"http:\/\/875jahrekirchgoens.de\/wp-content\/uploads\/2024\/01\/125-V-Bild2.jpg\" alt=\"\" class=\"wp-image-14556\" srcset=\"http:\/\/875jahrekirchgoens.de\/wp-content\/uploads\/2024\/01\/125-V-Bild2.jpg 583w, http:\/\/875jahrekirchgoens.de\/wp-content\/uploads\/2024\/01\/125-V-Bild2-300x201.jpg 300w\" sizes=\"auto, (max-width: 583px) 100vw, 583px\" \/><\/figure>\n\n\n\n<figure class=\"wp-block-image size-large\"><img loading=\"lazy\" decoding=\"async\" width=\"573\" height=\"383\" data-id=\"14555\" src=\"http:\/\/875jahrekirchgoens.de\/wp-content\/uploads\/2024\/01\/125-V-Bild1.jpg\" alt=\"\" class=\"wp-image-14555\" srcset=\"http:\/\/875jahrekirchgoens.de\/wp-content\/uploads\/2024\/01\/125-V-Bild1.jpg 573w, http:\/\/875jahrekirchgoens.de\/wp-content\/uploads\/2024\/01\/125-V-Bild1-300x201.jpg 300w\" sizes=\"auto, (max-width: 573px) 100vw, 573px\" \/><\/figure>\n<\/figure>\n","protected":false},"excerpt":{"rendered":"<p>Das 125j\u00e4hrige Gr\u00fcndungsjubil\u00e4um des Turnvereins Vorw\u00e4rts 1891 im Jahr 2016 wirft seine Schatten voraus. Das Vereinsjahr 2014 stand und 2015 steht ganz im Zeichen der Vorbereitungen der geplanten Veranstaltungen und der Herausgabe einer Vereinschronik. Das Jubil\u00e4umsjahr wird unter dem Motto \u201eEs ist viel passiert, 1891 bis heute \u2026 Es wird viel passieren, seien Sie dabei\u201c &#8230; <a title=\"TV Kirch-G\u00f6ns bereitet 125-Jahr-Feier vor\" class=\"read-more\" href=\"http:\/\/875jahrekirchgoens.de\/?p=14553\" aria-label=\"Mehr Informationen \u00fcber TV Kirch-G\u00f6ns bereitet 125-Jahr-Feier vor\">Weiterlesen<\/a><\/p>\n","protected":false},"author":1,"featured_media":0,"comment_status":"closed","ping_status":"open","sticky":false,"template":"","format":"standard","meta":{"footnotes":""},"categories":[1],"tags":[],"class_list":["post-14553","post","type-post","status-publish","format-standard","hentry","category-infos"],"_links":{"self":[{"href":"http:\/\/875jahrekirchgoens.de\/index.php?rest_route=\/wp\/v2\/posts\/14553","targetHints":{"allow":["GET"]}}],"collection":[{"href":"http:\/\/875jahrekirchgoens.de\/index.php?rest_route=\/wp\/v2\/posts"}],"about":[{"href":"http:\/\/875jahrekirchgoens.de\/index.php?rest_route=\/wp\/v2\/types\/post"}],"author":[{"embeddable":true,"href":"http:\/\/875jahrekirchgoens.de\/index.php?rest_route=\/wp\/v2\/users\/1"}],"replies":[{"embeddable":true,"href":"http:\/\/875jahrekirchgoens.de\/index.php?rest_route=%2Fwp%2Fv2%2Fcomments&post=14553"}],"version-history":[{"count":1,"href":"http:\/\/875jahrekirchgoens.de\/index.php?rest_route=\/wp\/v2\/posts\/14553\/revisions"}],"predecessor-version":[{"id":14557,"href":"http:\/\/875jahrekirchgoens.de\/index.php?rest_route=\/wp\/v2\/posts\/14553\/revisions\/14557"}],"wp:attachment":[{"href":"http:\/\/875jahrekirchgoens.de\/index.php?rest_route=%2Fwp%2Fv2%2Fmedia&parent=14553"}],"wp:term":[{"taxonomy":"category","embeddable":true,"href":"http:\/\/875jahrekirchgoens.de\/index.php?rest_route=%2Fwp%2Fv2%2Fcategories&post=14553"},{"taxonomy":"post_tag","embeddable":true,"href":"http:\/\/875jahrekirchgoens.de\/index.php?rest_route=%2Fwp%2Fv2%2Ftags&post=14553"}],"curies":[{"name":"wp","href":"https:\/\/api.w.org\/{rel}","templated":true}]}}