{"id":14562,"date":"2015-07-20T15:46:00","date_gmt":"2015-07-20T15:46:00","guid":{"rendered":"http:\/\/875jahrekirchgoens.de\/?p=14562"},"modified":"2024-01-30T15:49:19","modified_gmt":"2024-01-30T15:49:19","slug":"tv-ausflug-nach-rotenburg-an-der-fulda","status":"publish","type":"post","link":"http:\/\/875jahrekirchgoens.de\/?p=14562","title":{"rendered":"TV-Ausflug nach Rotenburg an der Fulda"},"content":{"rendered":"\n<p>Am Samstag, 18. Juli 2015, startete die 44-k\u00f6pfige TV-Gruppe einen Tagesausflug nach Rotenburg an der Fulda. Um die Mittagszeit startete man ab der Flo\u00dfablegestelle \u201eAm Storchensee\u201c mit einer einst\u00fcndigen Flo\u00dffahrt auf der Fulda. Nach dem Anlanden am Flo\u00dfanleger Schlosspark hatten die Teilnehmer Freizeit zum Stadtbummel auf eigene Faust. Am Sp\u00e4tnachmittag folgte eine zweitst\u00fcndige Planwagen-Rundtour ab Alheim-Obergude. Am Abend kehrte man in Rotenburg in die Gastst\u00e4tte \u201eRodenberg-Alm\u201c zu einem z\u00fcnftigen H\u00fcttenabend ein. Gegen 21.30 Uhr kehrten die Reisenden nach Kirch-G\u00f6ns zur\u00fcck.<\/p>\n\n\n\n<p>Quelle und Bild: TV Kirch-G\u00f6ns vom 20. Juli 2015<\/p>\n\n\n\n<figure class=\"wp-block-image size-full\"><img loading=\"lazy\" decoding=\"async\" width=\"895\" height=\"417\" src=\"http:\/\/875jahrekirchgoens.de\/wp-content\/uploads\/2024\/01\/Ausflu-Bild1-1.jpg\" alt=\"\" class=\"wp-image-14564\" srcset=\"http:\/\/875jahrekirchgoens.de\/wp-content\/uploads\/2024\/01\/Ausflu-Bild1-1.jpg 895w, http:\/\/875jahrekirchgoens.de\/wp-content\/uploads\/2024\/01\/Ausflu-Bild1-1-300x140.jpg 300w, http:\/\/875jahrekirchgoens.de\/wp-content\/uploads\/2024\/01\/Ausflu-Bild1-1-768x358.jpg 768w\" sizes=\"auto, (max-width: 895px) 100vw, 895px\" \/><\/figure>\n","protected":false},"excerpt":{"rendered":"<p>Am Samstag, 18. Juli 2015, startete die 44-k\u00f6pfige TV-Gruppe einen Tagesausflug nach Rotenburg an der Fulda. Um die Mittagszeit startete man ab der Flo\u00dfablegestelle \u201eAm Storchensee\u201c mit einer einst\u00fcndigen Flo\u00dffahrt auf der Fulda. Nach dem Anlanden am Flo\u00dfanleger Schlosspark hatten die Teilnehmer Freizeit zum Stadtbummel auf eigene Faust. Am Sp\u00e4tnachmittag folgte eine zweitst\u00fcndige Planwagen-Rundtour ab &#8230; <a title=\"TV-Ausflug nach Rotenburg an der Fulda\" class=\"read-more\" href=\"http:\/\/875jahrekirchgoens.de\/?p=14562\" aria-label=\"Mehr Informationen \u00fcber TV-Ausflug nach Rotenburg an der Fulda\">Weiterlesen<\/a><\/p>\n","protected":false},"author":1,"featured_media":0,"comment_status":"closed","ping_status":"open","sticky":false,"template":"","format":"standard","meta":{"footnotes":""},"categories":[1],"tags":[],"class_list":["post-14562","post","type-post","status-publish","format-standard","hentry","category-infos"],"_links":{"self":[{"href":"http:\/\/875jahrekirchgoens.de\/index.php?rest_route=\/wp\/v2\/posts\/14562","targetHints":{"allow":["GET"]}}],"collection":[{"href":"http:\/\/875jahrekirchgoens.de\/index.php?rest_route=\/wp\/v2\/posts"}],"about":[{"href":"http:\/\/875jahrekirchgoens.de\/index.php?rest_route=\/wp\/v2\/types\/post"}],"author":[{"embeddable":true,"href":"http:\/\/875jahrekirchgoens.de\/index.php?rest_route=\/wp\/v2\/users\/1"}],"replies":[{"embeddable":true,"href":"http:\/\/875jahrekirchgoens.de\/index.php?rest_route=%2Fwp%2Fv2%2Fcomments&post=14562"}],"version-history":[{"count":1,"href":"http:\/\/875jahrekirchgoens.de\/index.php?rest_route=\/wp\/v2\/posts\/14562\/revisions"}],"predecessor-version":[{"id":14565,"href":"http:\/\/875jahrekirchgoens.de\/index.php?rest_route=\/wp\/v2\/posts\/14562\/revisions\/14565"}],"wp:attachment":[{"href":"http:\/\/875jahrekirchgoens.de\/index.php?rest_route=%2Fwp%2Fv2%2Fmedia&parent=14562"}],"wp:term":[{"taxonomy":"category","embeddable":true,"href":"http:\/\/875jahrekirchgoens.de\/index.php?rest_route=%2Fwp%2Fv2%2Fcategories&post=14562"},{"taxonomy":"post_tag","embeddable":true,"href":"http:\/\/875jahrekirchgoens.de\/index.php?rest_route=%2Fwp%2Fv2%2Ftags&post=14562"}],"curies":[{"name":"wp","href":"https:\/\/api.w.org\/{rel}","templated":true}]}}