{"id":14570,"date":"2016-03-23T15:55:00","date_gmt":"2016-03-23T15:55:00","guid":{"rendered":"http:\/\/875jahrekirchgoens.de\/?p=14570"},"modified":"2024-01-30T16:12:23","modified_gmt":"2024-01-30T16:12:23","slug":"akademische-feier-des-turnverein-vorwaerts-1891-kirch-goens","status":"publish","type":"post","link":"http:\/\/875jahrekirchgoens.de\/?p=14570","title":{"rendered":"Akademische Feier des Turnverein Vorw\u00e4rts 1891 Kirch-G\u00f6ns"},"content":{"rendered":"\n<p>Mit einer akademischen Feier in der \u00f6rtlichen Mehrzweckhalle er\u00f6ffnete der Turnverein 1891 Vorw\u00e4rts Kirch-G\u00f6ns seine diesj\u00e4hrige Veranstaltungsreihe zum 125j\u00e4hrigen Gr\u00fcndungsjubil\u00e4um. Eingeleitet wurde der Kommers durch Carolin Ratz und Florian Ilge mit dem Musikst\u00fcck \u201eWhat a wonderful world\u201c. Sp\u00e4ter spielten sie noch \u201eOver the rainbow\u201c. Der Gesangverein Kirch-G\u00f6ns unter Leitung von Theresa Heinz hatte extra zwei neue Lieder einge\u00fcbt, das Kirch-G\u00f6nser Heimatlied und das ber\u00fchmte Turnerlied \u201eAuf zum Streite, tretet in die Bahn\u201c. Die S\u00e4ngerinnen und S\u00e4nger erfreuten die \u00fcber 200 Anwesenden mit ihren Liedvortr\u00e4gen. Durch das Programm f\u00fchrte Stefan Euler. Thorsten Metz, der 1. Vorsitzende des Turnvereins, begr\u00fc\u00dfte die G\u00e4ste und dankte B\u00fcrgermeister Michael Merle f\u00fcr die \u00dcbernahme der Schirmherrschaft. 125 Jahre seien ein stattliches Alter f\u00fcr einen Turnverein, so Metz. Heute biete der Verein f\u00fcr jeden etwas. Sportliche Bet\u00e4tigung sei in vielf\u00e4ltiger Weise m\u00f6glich. Die Zukunft des Vereins sieht er darin, dass Sport und Geselligkeit zusammenkommen. Hier w\u00fcrden Ehrenamtliche ben\u00f6tigt. Metz bat junge Leute darum, sich ehrenamtlich im Turnverein zu engagieren, Verantwortung zu \u00fcbernehmen. Zum Abschluss seiner Ausf\u00fchrungen lud Metz zum Jubil\u00e4umsfest vom 3. \u2013 5. Juni ins Festzelt auf dem Kirch-G\u00f6nser Sportplatz ein. Landrat Joachim Arnold sagte in seinem Gru\u00dfwort, dass der Kirch-G\u00f6nser Turnverein 125 Jahre eine hervorragende Arbeit geleistet habe. Hierf\u00fcr dankte er dem jetzigen Vorstand und seinen Vorg\u00e4ngern. Den Zusammenschluss mit dem TV Pohl-G\u00f6ns im Handballbereich nannte er eine erfolgreiche Geschichte. Als S\u00f6deler Handballer erinnere er sich gerne an Handballspiele gegen Kirch-Pohl-G\u00f6ns. Er war erfreut, in der Halle mehrere alte Handballkameraden getroffen zu haben. Schirmherr B\u00fcrgermeister Michael Merle betonte in seiner Ansprache, dass der Turnverein immer wieder neue Wege in seine Geschichte gehen musste, um weiter zu bestehen. Den Gr\u00fcndungsv\u00e4tern sei es gelungen, den Verein im Dorf zu verankern; 125 Jahre TV Kirch-G\u00f6ns seinen eine Erfolgsgeschichte. Der TV erf\u00fclle mit seinem Sportbetrieb auch wichtige soziale Funktionen wie Zwischenmenschlichkeit, Geselligkeit und Kameradschaft f\u00fcr Menschen ob jung oder alt, Frau oder Mann. Merle gratulierte zum Jubil\u00e4um und w\u00fcnschte allen weiteren Veranstaltungen viel Erfolg. Eine Besonderheit der akademischen Feier waren zwei Diskussionsrunden auf der B\u00fchne. Erstes Thema war Ganztagsschulen, Chance oder Risiko f\u00fcr die Vereine. Landtagspr\u00e4sident Norbert Kartmann, Landrat Joachim Arnold, B\u00fcrgermeister Michael Merle und Moderator Stefan Euler. Fazit der Diskussion war, dass alle Teilnehmer die sich ver\u00e4ndernden Schulen als Chance von Vereinen sahen, die sich einer Zusammenarbeit stellen. Die Kommunikation Verein, Ehrenamtliche und Schule m\u00fcsse verbessert werden. Die M\u00f6glichkeit der Zusammenarbeit zwischen Schule und Verein sei eine gro\u00dfe Chance, die offensiv angegangen werden m\u00fcsse. Kreis und Kommunen w\u00fcrden hier Unterst\u00fctzung leisten. Landrat Arnold sagte, dass die MPS-Schulsporthalle aus blanker Not heraus als Fl\u00fcchtlingsunterkunft genommen worden sei. Sicher stehe sie auch wieder f\u00fcr den Sportbetrieb zur Verf\u00fcgung, allerdings sei der Zeitpunkt derzeit nicht bekannt. Die zweite Diskussionsrunde mit J\u00fcrgen Ratz (Vors. TV Pohl-G\u00f6ns), Werner J\u00e4ger (Vors. HSG), Thorsten Metz (Vors. TV Kirch-G\u00f6ns) und Mark Kannie\u00df (Sportkreis Wetterau) behandelte unter anderem die Frage, ob die MPS-Schulsporthalle von den beiden Turnvereinen Pohl-G\u00f6ns und Kirch-G\u00f6ns in eigener Regie betrieben werden k\u00f6nne. Man war sich einig, dass dies die Vereine finanziell nicht leisten k\u00f6nnten. Ehrungen geh\u00f6ren zu einer akademischen Feier, so auch in Kirch-G\u00f6ns. Der Hessische Minister des Innern und f\u00fcr Sport Peter Beuth \u00fcberreichte die Sportplakette des Bundespr\u00e4sidenten. Diese z\u00e4hlt zu den herausragenden Vereinsehrungen in Deutschland. Mit der Bereitstellung zahlreicher Sportangebote \u00fcber 125 Jahre habe der Turnverein Kirch-G\u00f6ns einen wertvollen Beitrag zur Entwicklung des Sports und der Gesellschaft geleistet. Als Traditionsverein habe er Menschen, die den Sport lieben, eine Heimat gegeben. Durch die Verleihung der Sportplakette des Bundespr\u00e4sidenten solle allen aktiven und ehemaligen Vereinsmitgliedern die geb\u00fchrende Anerkennung f\u00fcr ihre bisherigen Leistungen zuteilwerden, so Beuth. Katja Reutzel, die stellvertretende Vorsitzende des Turngaues Wetterau-Vogelsberg \u00fcberreichte mit dem Walter-Kolb-Schild des Deutschen Turnerbundes eine weitere hochkar\u00e4tige Auszeichnung f\u00fcr den TV Kirch-G\u00f6ns. Sie zeigte sich in ihrer Rede \u00fcberw\u00e4ltigt von der Vielzahl der Sportangebote. Mark Kannie\u00df, der stellv. Vorsitzende des Sportkreises Wetterau \u00fcberreichte die Ehrenurkunde des Landesportbundes. Mit der silbernen Aktivennadel des Hessischen Handballverbandes wurden von dessen Vertreter Kai Gerhardt und Tobi Weyrauch sowie Werner J\u00e4ger von HSG ausgezeichnet: Carsten Dannwolf, Katja Str\u00f6dter, Christian Galler, Torsten Klein und Thorsten Metz. Eine Laudatio auf den Jubil\u00e4umsverein des erkrankten Pfarrers William Thum von den evangelischen Kirchengemeinden Kirch- und Pohl-G\u00f6ns wurde von Dieter Meier, dem Vorsitzenden des Kirch-G\u00f6nser Kirchenvorstandes verlesen. Der Sport, so Thum, habe eine hohe gesellschaftliche Dimension. Er bringe unterschiedliche Menschen zusammen, auch au\u00dferhalb des Sports bei geselligen Veranstaltungen. Ein super Auftritt hatte auf dem Kommers die gemeinsame Sportakrobatengruppe der Turnvereine Kirch-G\u00f6ns und Pohl-G\u00f6ns unter der Leitung von Martina Volk und Elena Buschmann. Die kleinen M\u00e4dchen und jungen Frauen zeigten wunderbare Sportakrobatik und wurden von ihrem Publikum mit langanhaltendem Applaus hierf\u00fcr belohnt. Einen sehenswerten Einzelauftritt hatte Sportakrobatin Naila Buschmann, der die Anwesenden ebenfalls begeisterte. Zum Abschluss des offiziellen Teils der Veranstaltung gratulierten Michael Tiedemann und Werner D\u00e4mon von der Interessengemeinschaft der Kirch-G\u00f6nser Vereine dem Turnverein zum 125-j\u00e4hrigen Jubil\u00e4um. Als Dank des TV Vorw\u00e4rts 1891 Kirch-G\u00f6ns f\u00fcr die geleistete Arbeit \u00fcberreichte Michael Raschke die Chronik 125 Jahre Hamburger Sportverein aus dem Jahr 2012 an den 1. Vorsitzenden Thorsten Metz, einem Fan der Bundesliga-Fu\u00dfballmannschaft. Mit einem oberhessischen B\u00fcffet f\u00fcr die Besucher der akademischen Feier, vielen Gespr\u00e4chen und Kontaktaufnahmen untereinander endete der Kommers.<\/p>\n\n\n\n<p>Quelle und Bilder: TV Kirch-G\u00f6ns vom 23. M\u00e4rz 2016<\/p>\n\n\n\n<figure class=\"wp-block-gallery has-nested-images columns-default is-cropped wp-block-gallery-1 is-layout-flex wp-block-gallery-is-layout-flex\">\n<figure class=\"wp-block-image size-large\"><img loading=\"lazy\" decoding=\"async\" width=\"498\" height=\"331\" data-id=\"14578\" src=\"http:\/\/875jahrekirchgoens.de\/wp-content\/uploads\/2024\/01\/Akad-Bild5.jpg\" alt=\"\" class=\"wp-image-14578\" srcset=\"http:\/\/875jahrekirchgoens.de\/wp-content\/uploads\/2024\/01\/Akad-Bild5.jpg 498w, http:\/\/875jahrekirchgoens.de\/wp-content\/uploads\/2024\/01\/Akad-Bild5-300x199.jpg 300w\" sizes=\"auto, (max-width: 498px) 100vw, 498px\" \/><figcaption class=\"wp-element-caption\">Musikalischer Auftritt von Carolin Ratz und Florian Ilge<\/figcaption><\/figure>\n\n\n\n<figure class=\"wp-block-image size-large\"><img loading=\"lazy\" decoding=\"async\" width=\"487\" height=\"325\" data-id=\"14577\" src=\"http:\/\/875jahrekirchgoens.de\/wp-content\/uploads\/2024\/01\/Akad-Bild4.jpg\" alt=\"\" class=\"wp-image-14577\" srcset=\"http:\/\/875jahrekirchgoens.de\/wp-content\/uploads\/2024\/01\/Akad-Bild4.jpg 487w, http:\/\/875jahrekirchgoens.de\/wp-content\/uploads\/2024\/01\/Akad-Bild4-300x200.jpg 300w\" sizes=\"auto, (max-width: 487px) 100vw, 487px\" \/><figcaption class=\"wp-element-caption\">Auftritt des Gesangvereins Kirch-G\u00f6ns<\/figcaption><\/figure>\n\n\n\n<figure class=\"wp-block-image size-large\"><img loading=\"lazy\" decoding=\"async\" width=\"580\" height=\"386\" data-id=\"14575\" src=\"http:\/\/875jahrekirchgoens.de\/wp-content\/uploads\/2024\/01\/Akad-Bild2.jpg\" alt=\"\" class=\"wp-image-14575\" srcset=\"http:\/\/875jahrekirchgoens.de\/wp-content\/uploads\/2024\/01\/Akad-Bild2.jpg 580w, http:\/\/875jahrekirchgoens.de\/wp-content\/uploads\/2024\/01\/Akad-Bild2-300x200.jpg 300w\" sizes=\"auto, (max-width: 580px) 100vw, 580px\" \/><figcaption class=\"wp-element-caption\">Ehrungen vom Hessischen Handballverband<\/figcaption><\/figure>\n\n\n\n<figure class=\"wp-block-image size-large\"><img loading=\"lazy\" decoding=\"async\" width=\"487\" height=\"325\" data-id=\"14576\" src=\"http:\/\/875jahrekirchgoens.de\/wp-content\/uploads\/2024\/01\/Akad-Bild3.jpg\" alt=\"\" class=\"wp-image-14576\" srcset=\"http:\/\/875jahrekirchgoens.de\/wp-content\/uploads\/2024\/01\/Akad-Bild3.jpg 487w, http:\/\/875jahrekirchgoens.de\/wp-content\/uploads\/2024\/01\/Akad-Bild3-300x200.jpg 300w\" sizes=\"auto, (max-width: 487px) 100vw, 487px\" \/><figcaption class=\"wp-element-caption\">Auftritt der Sportakrobaten des TV Kirch- und Pohl-G\u00f6ns<\/figcaption><\/figure>\n\n\n\n<figure class=\"wp-block-image size-large\"><img loading=\"lazy\" decoding=\"async\" width=\"522\" height=\"347\" data-id=\"14574\" src=\"http:\/\/875jahrekirchgoens.de\/wp-content\/uploads\/2024\/01\/Akad-Bild1.jpg\" alt=\"\" class=\"wp-image-14574\" srcset=\"http:\/\/875jahrekirchgoens.de\/wp-content\/uploads\/2024\/01\/Akad-Bild1.jpg 522w, http:\/\/875jahrekirchgoens.de\/wp-content\/uploads\/2024\/01\/Akad-Bild1-300x199.jpg 300w\" sizes=\"auto, (max-width: 522px) 100vw, 522px\" \/><figcaption class=\"wp-element-caption\">Hessische Minister des Inneren und Sport, Peter Beuth (l.), mit dem 1. Vorsitzenden Thorsten Metz (m.) und dem 2. Vorsitzenden Torsten Klein (r.) <\/figcaption><\/figure>\n\n\n\n<figure class=\"wp-block-image size-large\"><img loading=\"lazy\" decoding=\"async\" width=\"487\" height=\"325\" data-id=\"14573\" src=\"http:\/\/875jahrekirchgoens.de\/wp-content\/uploads\/2024\/01\/Akad-Bild6.jpg\" alt=\"\" class=\"wp-image-14573\" srcset=\"http:\/\/875jahrekirchgoens.de\/wp-content\/uploads\/2024\/01\/Akad-Bild6.jpg 487w, http:\/\/875jahrekirchgoens.de\/wp-content\/uploads\/2024\/01\/Akad-Bild6-300x200.jpg 300w\" sizes=\"auto, (max-width: 487px) 100vw, 487px\" \/><figcaption class=\"wp-element-caption\">Teilnehmer an der akademischen Feier des TV Kirch-G\u00f6ns.<\/figcaption><\/figure>\n<\/figure>\n","protected":false},"excerpt":{"rendered":"<p>Mit einer akademischen Feier in der \u00f6rtlichen Mehrzweckhalle er\u00f6ffnete der Turnverein 1891 Vorw\u00e4rts Kirch-G\u00f6ns seine diesj\u00e4hrige Veranstaltungsreihe zum 125j\u00e4hrigen Gr\u00fcndungsjubil\u00e4um. Eingeleitet wurde der Kommers durch Carolin Ratz und Florian Ilge mit dem Musikst\u00fcck \u201eWhat a wonderful world\u201c. Sp\u00e4ter spielten sie noch \u201eOver the rainbow\u201c. Der Gesangverein Kirch-G\u00f6ns unter Leitung von Theresa Heinz hatte extra zwei &#8230; <a title=\"Akademische Feier des Turnverein Vorw\u00e4rts 1891 Kirch-G\u00f6ns\" class=\"read-more\" href=\"http:\/\/875jahrekirchgoens.de\/?p=14570\" aria-label=\"Mehr Informationen \u00fcber Akademische Feier des Turnverein Vorw\u00e4rts 1891 Kirch-G\u00f6ns\">Weiterlesen<\/a><\/p>\n","protected":false},"author":1,"featured_media":0,"comment_status":"closed","ping_status":"open","sticky":false,"template":"","format":"standard","meta":{"footnotes":""},"categories":[1],"tags":[],"class_list":["post-14570","post","type-post","status-publish","format-standard","hentry","category-infos"],"_links":{"self":[{"href":"http:\/\/875jahrekirchgoens.de\/index.php?rest_route=\/wp\/v2\/posts\/14570","targetHints":{"allow":["GET"]}}],"collection":[{"href":"http:\/\/875jahrekirchgoens.de\/index.php?rest_route=\/wp\/v2\/posts"}],"about":[{"href":"http:\/\/875jahrekirchgoens.de\/index.php?rest_route=\/wp\/v2\/types\/post"}],"author":[{"embeddable":true,"href":"http:\/\/875jahrekirchgoens.de\/index.php?rest_route=\/wp\/v2\/users\/1"}],"replies":[{"embeddable":true,"href":"http:\/\/875jahrekirchgoens.de\/index.php?rest_route=%2Fwp%2Fv2%2Fcomments&post=14570"}],"version-history":[{"count":1,"href":"http:\/\/875jahrekirchgoens.de\/index.php?rest_route=\/wp\/v2\/posts\/14570\/revisions"}],"predecessor-version":[{"id":14579,"href":"http:\/\/875jahrekirchgoens.de\/index.php?rest_route=\/wp\/v2\/posts\/14570\/revisions\/14579"}],"wp:attachment":[{"href":"http:\/\/875jahrekirchgoens.de\/index.php?rest_route=%2Fwp%2Fv2%2Fmedia&parent=14570"}],"wp:term":[{"taxonomy":"category","embeddable":true,"href":"http:\/\/875jahrekirchgoens.de\/index.php?rest_route=%2Fwp%2Fv2%2Fcategories&post=14570"},{"taxonomy":"post_tag","embeddable":true,"href":"http:\/\/875jahrekirchgoens.de\/index.php?rest_route=%2Fwp%2Fv2%2Ftags&post=14570"}],"curies":[{"name":"wp","href":"https:\/\/api.w.org\/{rel}","templated":true}]}}