{"id":14580,"date":"2016-04-07T16:12:00","date_gmt":"2016-04-07T16:12:00","guid":{"rendered":"http:\/\/875jahrekirchgoens.de\/?p=14580"},"modified":"2024-01-30T16:16:18","modified_gmt":"2024-01-30T16:16:18","slug":"verkauf-der-tv-chronik","status":"publish","type":"post","link":"http:\/\/875jahrekirchgoens.de\/?p=14580","title":{"rendered":"Verkauf der TV-Chronik"},"content":{"rendered":"\n<p>Am 19. M\u00e4rz 2016 pr\u00e4sentierte der Turnverein Vorw\u00e4rts 1891 Kirch-G\u00f6ns e. V., anl\u00e4sslich seines 125j\u00e4hrigen Jubil\u00e4ums, zur Akademischen Feier in der Mehrzweckhalle Kirch-\/Pohl-G\u00f6ns eine Vereinschronik. Das mit 495 Seiten und 2,4 Kilogramm schwere Werk ist unter anderem mit vielen hunderten schwarz-wei\u00df und farbigen Bildern best\u00fcckt. K\u00e4uflich erwerben kann man die Chronik ab sofort bei Thorsten Metz (06033\/974878), Kristina Euler (06033\/9285403) oder bei der B\u00e4ckerei Steinm\u00fcller in Kirch-G\u00f6ns zum St\u00fcckpreis von \u20acuro 29,-. Am kommenden Samstag, 2. April 2016, kann das Buch auch im Sportlerheim Kirch-G\u00f6ns in der Zeit von 10.00 \u2013 12.00 Uhr erworben werden.<\/p>\n\n\n\n<p>Quelle und Bild: TV Kirch-G\u00f6ns vom 7. April 2016<\/p>\n\n\n\n<figure class=\"wp-block-image size-full\"><img loading=\"lazy\" decoding=\"async\" width=\"345\" height=\"518\" src=\"http:\/\/875jahrekirchgoens.de\/wp-content\/uploads\/2024\/01\/TVChronik-Bild1.jpg\" alt=\"\" class=\"wp-image-14582\" srcset=\"http:\/\/875jahrekirchgoens.de\/wp-content\/uploads\/2024\/01\/TVChronik-Bild1.jpg 345w, http:\/\/875jahrekirchgoens.de\/wp-content\/uploads\/2024\/01\/TVChronik-Bild1-200x300.jpg 200w\" sizes=\"auto, (max-width: 345px) 100vw, 345px\" \/><figcaption class=\"wp-element-caption\">Links der 1. Vorsitzende des Turnverein Vorw\u00e4rts 1891 Kirch-G\u00f6ns, Thorsten Metz, bei der Pr\u00e4sentation der Vereinschronik zum 125j\u00e4hrigen Jubil\u00e4um mit dem 2. Vorsitzenden Torsten Klein (r.).<\/figcaption><\/figure>\n","protected":false},"excerpt":{"rendered":"<p>Am 19. M\u00e4rz 2016 pr\u00e4sentierte der Turnverein Vorw\u00e4rts 1891 Kirch-G\u00f6ns e. V., anl\u00e4sslich seines 125j\u00e4hrigen Jubil\u00e4ums, zur Akademischen Feier in der Mehrzweckhalle Kirch-\/Pohl-G\u00f6ns eine Vereinschronik. Das mit 495 Seiten und 2,4 Kilogramm schwere Werk ist unter anderem mit vielen hunderten schwarz-wei\u00df und farbigen Bildern best\u00fcckt. K\u00e4uflich erwerben kann man die Chronik ab sofort bei Thorsten &#8230; <a title=\"Verkauf der TV-Chronik\" class=\"read-more\" href=\"http:\/\/875jahrekirchgoens.de\/?p=14580\" aria-label=\"Mehr Informationen \u00fcber Verkauf der TV-Chronik\">Weiterlesen<\/a><\/p>\n","protected":false},"author":1,"featured_media":0,"comment_status":"closed","ping_status":"open","sticky":false,"template":"","format":"standard","meta":{"footnotes":""},"categories":[1],"tags":[],"class_list":["post-14580","post","type-post","status-publish","format-standard","hentry","category-infos"],"_links":{"self":[{"href":"http:\/\/875jahrekirchgoens.de\/index.php?rest_route=\/wp\/v2\/posts\/14580","targetHints":{"allow":["GET"]}}],"collection":[{"href":"http:\/\/875jahrekirchgoens.de\/index.php?rest_route=\/wp\/v2\/posts"}],"about":[{"href":"http:\/\/875jahrekirchgoens.de\/index.php?rest_route=\/wp\/v2\/types\/post"}],"author":[{"embeddable":true,"href":"http:\/\/875jahrekirchgoens.de\/index.php?rest_route=\/wp\/v2\/users\/1"}],"replies":[{"embeddable":true,"href":"http:\/\/875jahrekirchgoens.de\/index.php?rest_route=%2Fwp%2Fv2%2Fcomments&post=14580"}],"version-history":[{"count":1,"href":"http:\/\/875jahrekirchgoens.de\/index.php?rest_route=\/wp\/v2\/posts\/14580\/revisions"}],"predecessor-version":[{"id":14583,"href":"http:\/\/875jahrekirchgoens.de\/index.php?rest_route=\/wp\/v2\/posts\/14580\/revisions\/14583"}],"wp:attachment":[{"href":"http:\/\/875jahrekirchgoens.de\/index.php?rest_route=%2Fwp%2Fv2%2Fmedia&parent=14580"}],"wp:term":[{"taxonomy":"category","embeddable":true,"href":"http:\/\/875jahrekirchgoens.de\/index.php?rest_route=%2Fwp%2Fv2%2Fcategories&post=14580"},{"taxonomy":"post_tag","embeddable":true,"href":"http:\/\/875jahrekirchgoens.de\/index.php?rest_route=%2Fwp%2Fv2%2Ftags&post=14580"}],"curies":[{"name":"wp","href":"https:\/\/api.w.org\/{rel}","templated":true}]}}