{"id":14588,"date":"2016-05-06T16:19:00","date_gmt":"2016-05-06T16:19:00","guid":{"rendered":"http:\/\/875jahrekirchgoens.de\/?p=14588"},"modified":"2024-01-30T16:22:27","modified_gmt":"2024-01-30T16:22:27","slug":"koerbchen-weg","status":"publish","type":"post","link":"http:\/\/875jahrekirchgoens.de\/?p=14588","title":{"rendered":"K\u00f6rbchen weg"},"content":{"rendered":"\n<p>Allj\u00e4hrlich veranstaltet der TV Vorw\u00e4rts 1891 Kirch-G\u00f6ns seine traditionelle 1. Mai Feier auf dem Sportplatzgel\u00e4nde in Kirch-G\u00f6ns. Die ehrenamtliche T\u00e4tigkeit wurde dieses Jahr wieder mit \u201eF\u00fc\u00dfen\u201c getreten. Leider haben sich unliebsame Zeitgenossen es zum Anlass genommen, drei Biertr\u00e4ger mit entsprechendem Glaseinsatz zu entwenden. \u201eDas ist nicht nur \u00e4rgerlich, das ist auch deprimierend\u201c sch\u00fcttelt Vorsitzender Thorsten Metz verst\u00e4ndnislos den Kopf. Anschaffungen, die durch Mitgliedsbeitr\u00e4ge, vor allem aber auch durch besondere Eins\u00e4tze der Mitglieder get\u00e4tigt werden, sind somit zunichte gemacht. Aber dies scheint in unserer heutigen Gesellschaft halt so zu sein. Umso entt\u00e4uschender ist es f\u00fcr die Vereinsmitglieder, dass hart erarbeitetes Geld, das in vollem Umfang in den Verein \u201einvestiert\u201c wird, auf solche Art und Weise verloren geht. Die Wahrscheinlichkeit, dass das Diebesgut wieder aufgefunden wird, ist nicht allzu gro\u00df. \u201eWir sind entt\u00e4uscht und w\u00fctend, aber wir lassen uns nicht unterkriegen\u201c, lobt Vorsitzender Metz die Moral der Vereinsmitglieder, die mit Optimismus weiter bei der Sache sind. Ehrliche Finder k\u00f6nnen die \u201eK\u00f6rbchen\u201c mit den 30 Gl\u00e4sern gerne beim 1. Vorsitzenden abgeben oder vor dessen Haust\u00fcr abstellen. Der Turnverein Vorw\u00e4rts Kirch-G\u00f6ns w\u00fcrde sich \u00fcber die R\u00fcckgabe sehr freuen.<\/p>\n\n\n\n<p>Quelle: TV Kirch-G\u00f6ns vom 6. Mai 2016<\/p>\n","protected":false},"excerpt":{"rendered":"<p>Allj\u00e4hrlich veranstaltet der TV Vorw\u00e4rts 1891 Kirch-G\u00f6ns seine traditionelle 1. Mai Feier auf dem Sportplatzgel\u00e4nde in Kirch-G\u00f6ns. Die ehrenamtliche T\u00e4tigkeit wurde dieses Jahr wieder mit \u201eF\u00fc\u00dfen\u201c getreten. Leider haben sich unliebsame Zeitgenossen es zum Anlass genommen, drei Biertr\u00e4ger mit entsprechendem Glaseinsatz zu entwenden. \u201eDas ist nicht nur \u00e4rgerlich, das ist auch deprimierend\u201c sch\u00fcttelt Vorsitzender Thorsten &#8230; <a title=\"K\u00f6rbchen weg\" class=\"read-more\" href=\"http:\/\/875jahrekirchgoens.de\/?p=14588\" aria-label=\"Mehr Informationen \u00fcber K\u00f6rbchen weg\">Weiterlesen<\/a><\/p>\n","protected":false},"author":1,"featured_media":0,"comment_status":"closed","ping_status":"open","sticky":false,"template":"","format":"standard","meta":{"footnotes":""},"categories":[1],"tags":[],"class_list":["post-14588","post","type-post","status-publish","format-standard","hentry","category-infos"],"_links":{"self":[{"href":"http:\/\/875jahrekirchgoens.de\/index.php?rest_route=\/wp\/v2\/posts\/14588","targetHints":{"allow":["GET"]}}],"collection":[{"href":"http:\/\/875jahrekirchgoens.de\/index.php?rest_route=\/wp\/v2\/posts"}],"about":[{"href":"http:\/\/875jahrekirchgoens.de\/index.php?rest_route=\/wp\/v2\/types\/post"}],"author":[{"embeddable":true,"href":"http:\/\/875jahrekirchgoens.de\/index.php?rest_route=\/wp\/v2\/users\/1"}],"replies":[{"embeddable":true,"href":"http:\/\/875jahrekirchgoens.de\/index.php?rest_route=%2Fwp%2Fv2%2Fcomments&post=14588"}],"version-history":[{"count":1,"href":"http:\/\/875jahrekirchgoens.de\/index.php?rest_route=\/wp\/v2\/posts\/14588\/revisions"}],"predecessor-version":[{"id":14590,"href":"http:\/\/875jahrekirchgoens.de\/index.php?rest_route=\/wp\/v2\/posts\/14588\/revisions\/14590"}],"wp:attachment":[{"href":"http:\/\/875jahrekirchgoens.de\/index.php?rest_route=%2Fwp%2Fv2%2Fmedia&parent=14588"}],"wp:term":[{"taxonomy":"category","embeddable":true,"href":"http:\/\/875jahrekirchgoens.de\/index.php?rest_route=%2Fwp%2Fv2%2Fcategories&post=14588"},{"taxonomy":"post_tag","embeddable":true,"href":"http:\/\/875jahrekirchgoens.de\/index.php?rest_route=%2Fwp%2Fv2%2Ftags&post=14588"}],"curies":[{"name":"wp","href":"https:\/\/api.w.org\/{rel}","templated":true}]}}