{"id":14591,"date":"2016-05-12T16:22:00","date_gmt":"2016-05-12T16:22:00","guid":{"rendered":"http:\/\/875jahrekirchgoens.de\/?p=14591"},"modified":"2024-01-30T17:01:33","modified_gmt":"2024-01-30T17:01:33","slug":"mitgliederversammlung-des-tv-kirch-goens","status":"publish","type":"post","link":"http:\/\/875jahrekirchgoens.de\/?p=14591","title":{"rendered":"Mitgliederversammlung des TV Kirch-G\u00f6ns"},"content":{"rendered":"\n<p><em>Vom 3. bis 5. Juni findet das Festwochenende des Turnvereins zum 125. Geburtstag statt \u2013 Zahlreiche Mitglieder wurden in der Jahreshauptversammlung geehrt<\/em><\/p>\n\n\n\n<p>Das 125. Vereinsjubil\u00e4um und Ehrungen standen im Mittelpunkt der sehr gut besuchten diesj\u00e4hrigen Mitgliederversammlung des Turnverein Vorw\u00e4rts 1891 Kirch-G\u00f6ns, die vom 1. Vorsitzenden Thorsten Metz mit seinem Gesch\u00e4ftsbericht er\u00f6ffnet wurde. Die ersten beiden Veranstaltungen anl\u00e4sslich des Vereinsjubil\u00e4ums, der Kappenabend im Sch\u00fctzenhaus und die Akademische Feier in der Mehrzweckhalle, verliefen bereits erfolgreich. Eine 500 Seiten starke Vereinschronik wurde erstellt. Vom 3. bis 5. Juni findet auf dem Kirch-G\u00f6nser Sportplatz in der Bahnhofstra\u00dfe ein Festwochenende statt, f\u00fcr das bereits ein Einsatz-\/Dienstplan vorliegt. Weitere Helfer werden noch ben\u00f6tigt und sind herzlich willkommen, so Metz. Eintrittskarten f\u00fcr den Samstagabend sind schon erh\u00e4ltlich. Dann ging Metz auf die gesellschaftlichen Aktivit\u00e4ten des Turnvereins im letzten Jahr ein. Kinderfasching, 1. Mai-Feier, Dorffest der IG der Kirch-G\u00f6nser Vereine, Sommerfest Kleintierzuchtverein\/Feuerwehr, TV-Ausflug nach Rotenburg\/Fulda, Backhausfest Kirch-G\u00f6ns, elfj\u00e4hriges Jubil\u00e4um des Pohl-G\u00f6nser Fassenachtsvereins, Pflegearbeiten am Sportlerheim, Nikolausfeier und Teilnahme am Kirch-G\u00f6nser Weihnachtsmarkt waren hier Stichpunkte. Ein gro\u00dfes Thema im Verein ist laut Metz die Belegung der Schulsporthalle durch Fl\u00fcchtlinge. Die Halle fehle im Trainingsbetrieb sehr. Zum Schluss seiner Ausf\u00fchrungen dankte Metz allen ehrenamtlich T\u00e4tigen, wie Schiedsrichtern, Zeitnehmer, Sekret\u00e4re, \u00dcbungsleiter, Betreuer, Helfer Wirtschaftsbetriebe sowie seinen Vorstandskollegen f\u00fcr die geleistete Arbeit. Werner J\u00e4ger, 1. Vorsitzender der HSG Kirch-\/Pohl-G\u00f6ns\/Butzbach, bedauerte in seinem Bericht, dass im letzten Jahr mehrere Leistungstr\u00e4ger die eigenen Mannschaften verlassen h\u00e4tten, was ein gro\u00dfer R\u00fcckschlag gewesen sein. Hinsichtlich der Mannschaftszahl z\u00e4hle die HSG im Bezirk Gie\u00dfen immer noch zur Spitzengruppe, allerdings leider nicht bez\u00fcglich der Leistungsst\u00e4rke. J\u00e4ger ging auf verschiedene Veranstaltungen ein, so unter anderen das traditionelle Jugendzeltlager und Handballturnier. Ausf\u00fchrlich erl\u00e4uterte J\u00e4ger das Abschneiden der verschiedenen Mannschaften in der noch laufenden Runde und kam am Ende auf die Schiedsrichtersituation zu sprechen. Sie fehlen der HSG ebenso wie Zeitnehmer und Sekret\u00e4re, was seitens des Handballverbandes zu Geldstrafen f\u00fchrt. F\u00fcr die Tischtennisabteilung informierte Abteilungsleiter Kurt Hartig. Die Spieler nutzten vorher die Schulsporthalle, mussten aber aufgrund der Belegung mit Fl\u00fcchtlingen in den Clubraum der Mehrzweckhalle ausweichen, was nur eine Notl\u00f6sung sein. Sollte man nicht in die Schulsporthalle zur\u00fcckk\u00f6nnen, sehe es sehr d\u00fcster f\u00fcr die Tischtennisabteilung aus. \u00dcber die Aktivit\u00e4ten der Turnabteilung berichtete deren Leiterin Anne Beutel. Mit den verschiedenen Angeboten f\u00fcr Kinder und Erwachsene musste in mehrere anderen, nicht geeigneten R\u00e4umlichkeiten ausgewichen werden. Beutel berichtete detailliert \u00fcber die zahlreichen Angebote der Turnabteilung, f\u00fcr deren Betreuung weitere \u00dcbungsleiter und Betreuer dringend gesucht werden. Leiter der Abteilung Freizeitfu\u00dfball \u201eQuartermain-Club\u201c ist Frank Hankel, der aus privaten Gr\u00fcnden nicht anwesend war. Sein Bericht wurde von Marco Reinhard verlesen. Darin wurde bem\u00e4ngelt, dass der Kirch-G\u00f6nser Sportplatz nicht bespielbar sein, was ein regelm\u00e4\u00dfiges Training unm\u00f6glich mache. Kassenwartin Kristina Euler erl\u00e4uterte die Finanzen des Turnvereins und Werner J\u00e4ger verlas den Kassenbericht der HSG Kirch-\/Pohl-G\u00f6ns\/Butzbach. Anschlie\u00dfend wurde der Vorstand einstimmig entlastet. Die Vorstandswahlen brachten nur eine \u00c4nderung. Der Vorstand setzt sich wie bisher zusammen aus 1. Vorsitzender Thorsten Metz, 2. Vorsitzender Torsten Klein, 1. Kassiererin Kristina Euler, 2. Kassiererin Stephanie Sohn, 1. Schriftf\u00fchrer Michael Raschke, 2. Schriftf\u00fchrer Marco Reinhard, Handballwart Eva Schuller, 1. Jugendwartin Anne Beutel, 2. Jugendwartin Tina Klein, sowie Beisitzer Sven Daniel, Uwe Hartmann, Markus Lex und Thorsten R\u00f6hrig. Mehrere Vereinsmitglieder wurden f\u00fcr langj\u00e4hrige Mitgliedschaft mit Ehrenurkunden ausgezeichnet. Seit 60 Jahren halten Albert Ceh und G\u00fcnther Werner dem Turnverein die Treue. F\u00fcr 50 Jahre Mitgliedschaft wurden Helmut Ceh und Margot G\u00e4rtner geehrt, Roland Kl\u00f6s und Manfred Binzer f\u00fcr 40 Jahre. Seit 25 Jahren sind Markus Mohr, Mario Wilhelm und Torsten Klein Vereinsmitglieder. Mit kleinen Geschenken geehrt wurden die Vorstandsmitglieder Anne Beutel, Stephanie Sohn und Uwe Hartmann f\u00fcr ihr Engagement in den Bereichen Personalplanung, Festwochenende, Neue Medien und Bauausschuss. Seit 10 Jahren ist Kristina Euler Kassiererin, seit 10 Jahren ist Thorsten R\u00f6hrig Beisitzer und seit 20 Jahren im Vorstand t\u00e4tig ist Torsten Klein. Auch sie erhielten Geschenke f\u00fcr ihre T\u00e4tigkeit. Gru\u00dfworte zur Jahresmitgliederversammlung sprachen J\u00fcrgen Ratz, der 1. Vorsitzende des TV Pohl-G\u00f6ns und Ortsbeiratsvorsitzender Stefan Euler.<\/p>\n\n\n\n<p>Quelle und Bilder: TV Kirch-G\u00f6ns vom 12. Mai 2016<\/p>\n\n\n\n<figure class=\"wp-block-gallery has-nested-images columns-default is-cropped wp-block-gallery-1 is-layout-flex wp-block-gallery-is-layout-flex\">\n<figure class=\"wp-block-image size-large\"><img loading=\"lazy\" decoding=\"async\" width=\"697\" height=\"464\" data-id=\"14594\" src=\"http:\/\/875jahrekirchgoens.de\/wp-content\/uploads\/2024\/01\/MVers-Bild1.jpg\" alt=\"\" class=\"wp-image-14594\" srcset=\"http:\/\/875jahrekirchgoens.de\/wp-content\/uploads\/2024\/01\/MVers-Bild1.jpg 697w, http:\/\/875jahrekirchgoens.de\/wp-content\/uploads\/2024\/01\/MVers-Bild1-300x200.jpg 300w\" sizes=\"auto, (max-width: 697px) 100vw, 697px\" \/><figcaption class=\"wp-element-caption\">Gro\u00dfes Engagement bei der Vorbereitung des Jubil\u00e4umsfestes und im Vorstand zeigten v. l.: Thorsten Metz, Kristina Euler, Anne Beutel, Stephanie Sohn, Torsten Klein, Thorsten R\u00f6hrig und Uwe Hartmann.<\/figcaption><\/figure>\n\n\n\n<figure class=\"wp-block-image size-large\"><img loading=\"lazy\" decoding=\"async\" width=\"300\" height=\"200\" data-id=\"14593\" src=\"http:\/\/875jahrekirchgoens.de\/wp-content\/uploads\/2024\/01\/MVes-Bild2.jpg\" alt=\"\" class=\"wp-image-14593\"\/><figcaption class=\"wp-element-caption\">F\u00fcr langj\u00e4hrige Mitgliedschaft im TV Kirch-G\u00f6ns geehrt wurden v. l.: Albert Ceh, 1. Vorsitzender Thorsten Metz, G\u00fcnther Werner, Roland Kl\u00f6s, Helmut Ceh, Manfred Binzer, Margot G\u00e4rtner, Mario Wilhelm, Markus Mohr und 2. Vorsitzender Torsten Klein.<\/figcaption><\/figure>\n<\/figure>\n","protected":false},"excerpt":{"rendered":"<p>Vom 3. bis 5. Juni findet das Festwochenende des Turnvereins zum 125. Geburtstag statt \u2013 Zahlreiche Mitglieder wurden in der Jahreshauptversammlung geehrt Das 125. Vereinsjubil\u00e4um und Ehrungen standen im Mittelpunkt der sehr gut besuchten diesj\u00e4hrigen Mitgliederversammlung des Turnverein Vorw\u00e4rts 1891 Kirch-G\u00f6ns, die vom 1. Vorsitzenden Thorsten Metz mit seinem Gesch\u00e4ftsbericht er\u00f6ffnet wurde. Die ersten beiden &#8230; <a title=\"Mitgliederversammlung des TV Kirch-G\u00f6ns\" class=\"read-more\" href=\"http:\/\/875jahrekirchgoens.de\/?p=14591\" aria-label=\"Mehr Informationen \u00fcber Mitgliederversammlung des TV Kirch-G\u00f6ns\">Weiterlesen<\/a><\/p>\n","protected":false},"author":1,"featured_media":0,"comment_status":"closed","ping_status":"open","sticky":false,"template":"","format":"standard","meta":{"footnotes":""},"categories":[1],"tags":[],"class_list":["post-14591","post","type-post","status-publish","format-standard","hentry","category-infos"],"_links":{"self":[{"href":"http:\/\/875jahrekirchgoens.de\/index.php?rest_route=\/wp\/v2\/posts\/14591","targetHints":{"allow":["GET"]}}],"collection":[{"href":"http:\/\/875jahrekirchgoens.de\/index.php?rest_route=\/wp\/v2\/posts"}],"about":[{"href":"http:\/\/875jahrekirchgoens.de\/index.php?rest_route=\/wp\/v2\/types\/post"}],"author":[{"embeddable":true,"href":"http:\/\/875jahrekirchgoens.de\/index.php?rest_route=\/wp\/v2\/users\/1"}],"replies":[{"embeddable":true,"href":"http:\/\/875jahrekirchgoens.de\/index.php?rest_route=%2Fwp%2Fv2%2Fcomments&post=14591"}],"version-history":[{"count":1,"href":"http:\/\/875jahrekirchgoens.de\/index.php?rest_route=\/wp\/v2\/posts\/14591\/revisions"}],"predecessor-version":[{"id":14595,"href":"http:\/\/875jahrekirchgoens.de\/index.php?rest_route=\/wp\/v2\/posts\/14591\/revisions\/14595"}],"wp:attachment":[{"href":"http:\/\/875jahrekirchgoens.de\/index.php?rest_route=%2Fwp%2Fv2%2Fmedia&parent=14591"}],"wp:term":[{"taxonomy":"category","embeddable":true,"href":"http:\/\/875jahrekirchgoens.de\/index.php?rest_route=%2Fwp%2Fv2%2Fcategories&post=14591"},{"taxonomy":"post_tag","embeddable":true,"href":"http:\/\/875jahrekirchgoens.de\/index.php?rest_route=%2Fwp%2Fv2%2Ftags&post=14591"}],"curies":[{"name":"wp","href":"https:\/\/api.w.org\/{rel}","templated":true}]}}