{"id":14598,"date":"2024-01-31T11:10:00","date_gmt":"2024-01-31T11:10:00","guid":{"rendered":"http:\/\/875jahrekirchgoens.de\/?p=14598"},"modified":"2024-02-03T11:10:41","modified_gmt":"2024-02-03T11:10:41","slug":"naerrische-uebungsstunde","status":"publish","type":"post","link":"http:\/\/875jahrekirchgoens.de\/?p=14598","title":{"rendered":"N\u00e4rrische \u00dcbungsstunde"},"content":{"rendered":"\n<p>Der ehemalige Fanfarenzug der Freiwilligen Feuerwehr Kirch-G\u00f6ns trifft sich am Donnerstag, 1. Februar, um 18.30 Uhr im B\u00fcrgerhaus zur \u00dcbungsstunde. Ab 20.11 Uhr gilt das Motto \u201eAllen Wohl und niemand Weh, beim EFZ da isses schee\u201c. Nach einem gemeinsamen Speck- und Eier-Essen sind n\u00e4rrische \u00dcberraschungen angek\u00fcndigt.<\/p>\n\n\n\n<p>Quelle: Butzbacher Zeitung vom 31. Januar 2024<\/p>\n","protected":false},"excerpt":{"rendered":"<p>Der ehemalige Fanfarenzug der Freiwilligen Feuerwehr Kirch-G\u00f6ns trifft sich am Donnerstag, 1. Februar, um 18.30 Uhr im B\u00fcrgerhaus zur \u00dcbungsstunde. Ab 20.11 Uhr gilt das Motto \u201eAllen Wohl und niemand Weh, beim EFZ da isses schee\u201c. Nach einem gemeinsamen Speck- und Eier-Essen sind n\u00e4rrische \u00dcberraschungen angek\u00fcndigt. Quelle: Butzbacher Zeitung vom 31. Januar 2024<\/p>\n","protected":false},"author":1,"featured_media":0,"comment_status":"closed","ping_status":"open","sticky":false,"template":"","format":"standard","meta":{"footnotes":""},"categories":[1],"tags":[],"class_list":["post-14598","post","type-post","status-publish","format-standard","hentry","category-infos"],"_links":{"self":[{"href":"http:\/\/875jahrekirchgoens.de\/index.php?rest_route=\/wp\/v2\/posts\/14598","targetHints":{"allow":["GET"]}}],"collection":[{"href":"http:\/\/875jahrekirchgoens.de\/index.php?rest_route=\/wp\/v2\/posts"}],"about":[{"href":"http:\/\/875jahrekirchgoens.de\/index.php?rest_route=\/wp\/v2\/types\/post"}],"author":[{"embeddable":true,"href":"http:\/\/875jahrekirchgoens.de\/index.php?rest_route=\/wp\/v2\/users\/1"}],"replies":[{"embeddable":true,"href":"http:\/\/875jahrekirchgoens.de\/index.php?rest_route=%2Fwp%2Fv2%2Fcomments&post=14598"}],"version-history":[{"count":1,"href":"http:\/\/875jahrekirchgoens.de\/index.php?rest_route=\/wp\/v2\/posts\/14598\/revisions"}],"predecessor-version":[{"id":14599,"href":"http:\/\/875jahrekirchgoens.de\/index.php?rest_route=\/wp\/v2\/posts\/14598\/revisions\/14599"}],"wp:attachment":[{"href":"http:\/\/875jahrekirchgoens.de\/index.php?rest_route=%2Fwp%2Fv2%2Fmedia&parent=14598"}],"wp:term":[{"taxonomy":"category","embeddable":true,"href":"http:\/\/875jahrekirchgoens.de\/index.php?rest_route=%2Fwp%2Fv2%2Fcategories&post=14598"},{"taxonomy":"post_tag","embeddable":true,"href":"http:\/\/875jahrekirchgoens.de\/index.php?rest_route=%2Fwp%2Fv2%2Ftags&post=14598"}],"curies":[{"name":"wp","href":"https:\/\/api.w.org\/{rel}","templated":true}]}}